{"id":29007,"date":"2025-04-08T19:02:47","date_gmt":"2025-04-08T19:02:47","guid":{"rendered":"https:\/\/blogdoere.com.br\/?p=29007"},"modified":"2025-04-08T19:06:09","modified_gmt":"2025-04-08T19:06:09","slug":"bahia-deputado-marcone-amaral-cobra-explicacoes-sobre-paralisacao-da-obra-fiol","status":"publish","type":"post","link":"https:\/\/blogdoere.com.br\/?p=29007","title":{"rendered":"Bahia: Deputado Marcone Amaral cobra explica\u00e7\u00f5es sobre paralisa\u00e7\u00e3o da obra Fiol"},"content":{"rendered":"\n<figure class=\"wp-block-image size-large\"><img decoding=\"async\" width=\"1003\" height=\"1024\" src=\"https:\/\/blogdoere.com.br\/wp-content\/uploads\/2025\/04\/IMG-20250408-WA0125-1003x1024.jpg\" alt=\"\" class=\"wp-image-29008\" srcset=\"https:\/\/blogdoere.com.br\/wp-content\/uploads\/2025\/04\/IMG-20250408-WA0125-1003x1024.jpg 1003w, https:\/\/blogdoere.com.br\/wp-content\/uploads\/2025\/04\/IMG-20250408-WA0125-294x300.jpg 294w, https:\/\/blogdoere.com.br\/wp-content\/uploads\/2025\/04\/IMG-20250408-WA0125-768x784.jpg 768w, https:\/\/blogdoere.com.br\/wp-content\/uploads\/2025\/04\/IMG-20250408-WA0125.jpg 1080w\" sizes=\"(max-width: 1003px) 100vw, 1003px\" \/><\/figure>\n\n\n\n<p>Nesta ter\u00e7a-feira, 8 de abril, durante uma reuni\u00e3o da Comiss\u00e3o de Infraestrutura na Assembleia Legislativa da Bahia (Alba), o deputado Marcone Amaral (PSD), solicitou a presen\u00e7a de representantes da Bamin (Bahia Minera\u00e7\u00e3o), para prestar esclarecimentos sobre a suspens\u00e3o das obras da Ferrovia de Integra\u00e7\u00e3o Oeste-Leste (Fiol), que resultou na demiss\u00e3o de mais de 300 funcion\u00e1rios.<\/p>\n\n\n\n<p>O parlamentar, preocupado com os impactos da paralisa\u00e7\u00e3o, apresentou um requerimento formal pedindo que a empresa explique os motivos da interrup\u00e7\u00e3o e suas consequ\u00eancias para a regi\u00e3o. Em um segundo requerimento, Amaral tamb\u00e9m pediu a presen\u00e7a de representantes da Ag\u00eancia Nacional de Transportes Terrestres (ANTT), a fim de investigar poss\u00edveis transa\u00e7\u00f5es financeiras entre a Bamin e outras empresas.<\/p>\n\n\n\n<p>Marcone Amaral destacou a import\u00e2ncia da Fiol para o desenvolvimento do sul da Bahia, ressaltando que a conclus\u00e3o das obras \u00e9 crucial para a economia local e para a gera\u00e7\u00e3o de empregos na regi\u00e3o. A expectativa \u00e9 que a audi\u00eancia na Alba possa trazer esclarecimentos e solu\u00e7\u00f5es para o impasse que afeta a obra e a comunidade.<\/p>\n","protected":false},"excerpt":{"rendered":"<p>Nesta ter\u00e7a-feira, 8 de abril, durante uma reuni\u00e3o da Comiss\u00e3o de Infraestrutura na Assembleia Legislativa da Bahia (Alba), o deputado Marcone Amaral (PSD), solicitou a presen\u00e7a de representantes da Bamin&#8230;<\/p>\n","protected":false},"author":1,"featured_media":29008,"comment_status":"open","ping_status":"open","sticky":false,"template":"","format":"standard","meta":{"_editorskit_title_hidden":false,"_editorskit_reading_time":0,"_editorskit_is_block_options_detached":false,"_editorskit_block_options_position":"{}","om_disable_all_campaigns":false,"_mi_skip_tracking":false,"_kad_post_transparent":"","_kad_post_title":"","_kad_post_layout":"","_kad_post_sidebar_id":"","_kad_post_content_style":"","_kad_post_vertical_padding":"","_kad_post_feature":"","_kad_post_feature_position":"","_kad_post_header":false,"_kad_post_footer":false,"footnotes":""},"categories":[39],"tags":[42,80,40],"class_list":["post-29007","post","type-post","status-publish","format-standard","has-post-thumbnail","hentry","category-bahia","tag-bahia","tag-itajuipe","tag-business"],"yoast_head":"<!-- This site is optimized with the Yoast SEO plugin v20.5 - https:\/\/yoast.com\/wordpress\/plugins\/seo\/ -->\n<title>Bahia: Deputado Marcone Amaral cobra explica\u00e7\u00f5es sobre paralisa\u00e7\u00e3o da obra Fiol - blog do er\u00ea<\/title>\n<meta name=\"robots\" content=\"index, follow, max-snippet:-1, max-image-preview:large, max-video-preview:-1\" \/>\n<link rel=\"canonical\" href=\"https:\/\/blogdoere.com.br\/?p=29007\" \/>\n<meta property=\"og:locale\" content=\"pt_PT\" \/>\n<meta property=\"og:type\" content=\"article\" \/>\n<meta property=\"og:title\" content=\"Bahia: Deputado Marcone Amaral cobra explica\u00e7\u00f5es sobre paralisa\u00e7\u00e3o da obra Fiol - blog do er\u00ea\" \/>\n<meta property=\"og:description\" content=\"Nesta ter\u00e7a-feira, 8 de abril, durante uma reuni\u00e3o da Comiss\u00e3o de Infraestrutura na Assembleia Legislativa da Bahia (Alba), o deputado Marcone Amaral (PSD), solicitou a presen\u00e7a de representantes da Bamin...\" \/>\n<meta property=\"og:url\" content=\"https:\/\/blogdoere.com.br\/?p=29007\" \/>\n<meta property=\"og:site_name\" content=\"blog do er\u00ea\" \/>\n<meta property=\"article:published_time\" content=\"2025-04-08T19:02:47+00:00\" \/>\n<meta property=\"article:modified_time\" content=\"2025-04-08T19:06:09+00:00\" \/>\n<meta property=\"og:image\" content=\"https:\/\/blogdoere.com.br\/wp-content\/uploads\/2025\/04\/IMG-20250408-WA0125.jpg\" \/>\n\t<meta property=\"og:image:width\" content=\"1080\" \/>\n\t<meta property=\"og:image:height\" content=\"1103\" \/>\n\t<meta property=\"og:image:type\" content=\"image\/jpeg\" \/>\n<meta name=\"author\" content=\"blogdoere@hotmail.com\" \/>\n<meta name=\"twitter:card\" content=\"summary_large_image\" \/>\n<meta name=\"twitter:label1\" content=\"Escrito por\" \/>\n\t<meta name=\"twitter:data1\" content=\"blogdoere@hotmail.com\" \/>\n\t<meta name=\"twitter:label2\" content=\"Tempo estimado de leitura\" \/>\n\t<meta name=\"twitter:data2\" content=\"2 minutos\" \/>\n<script type=\"application\/ld+json\" class=\"yoast-schema-graph\">{\"@context\":\"https:\/\/schema.org\",\"@graph\":[{\"@type\":\"Article\",\"@id\":\"https:\/\/blogdoere.com.br\/?p=29007#article\",\"isPartOf\":{\"@id\":\"https:\/\/blogdoere.com.br\/?p=29007\"},\"author\":{\"name\":\"blogdoere@hotmail.com\",\"@id\":\"https:\/\/blogdoere.com.br\/#\/schema\/person\/c4f6d566a44c7bacdda563667715d18b\"},\"headline\":\"Bahia: Deputado Marcone Amaral cobra explica\u00e7\u00f5es sobre paralisa\u00e7\u00e3o da obra Fiol\",\"datePublished\":\"2025-04-08T19:02:47+00:00\",\"dateModified\":\"2025-04-08T19:06:09+00:00\",\"mainEntityOfPage\":{\"@id\":\"https:\/\/blogdoere.com.br\/?p=29007\"},\"wordCount\":203,\"commentCount\":0,\"publisher\":{\"@id\":\"https:\/\/blogdoere.com.br\/#organization\"},\"keywords\":[\"Bahia\",\"itajuipe\",\"Neg\u00f3cios\"],\"articleSection\":[\"Bahia\"],\"inLanguage\":\"pt-PT\",\"potentialAction\":[{\"@type\":\"CommentAction\",\"name\":\"Comment\",\"target\":[\"https:\/\/blogdoere.com.br\/?p=29007#respond\"]}]},{\"@type\":\"WebPage\",\"@id\":\"https:\/\/blogdoere.com.br\/?p=29007\",\"url\":\"https:\/\/blogdoere.com.br\/?p=29007\",\"name\":\"Bahia: Deputado Marcone Amaral cobra explica\u00e7\u00f5es sobre paralisa\u00e7\u00e3o da obra Fiol - blog do er\u00ea\",\"isPartOf\":{\"@id\":\"https:\/\/blogdoere.com.br\/#website\"},\"datePublished\":\"2025-04-08T19:02:47+00:00\",\"dateModified\":\"2025-04-08T19:06:09+00:00\",\"breadcrumb\":{\"@id\":\"https:\/\/blogdoere.com.br\/?p=29007#breadcrumb\"},\"inLanguage\":\"pt-PT\",\"potentialAction\":[{\"@type\":\"ReadAction\",\"target\":[\"https:\/\/blogdoere.com.br\/?p=29007\"]}]},{\"@type\":\"BreadcrumbList\",\"@id\":\"https:\/\/blogdoere.com.br\/?p=29007#breadcrumb\",\"itemListElement\":[{\"@type\":\"ListItem\",\"position\":1,\"name\":\"In\u00edcio\",\"item\":\"https:\/\/blogdoere.com.br\/\"},{\"@type\":\"ListItem\",\"position\":2,\"name\":\"Bahia: Deputado Marcone Amaral cobra explica\u00e7\u00f5es sobre paralisa\u00e7\u00e3o da obra Fiol\"}]},{\"@type\":\"WebSite\",\"@id\":\"https:\/\/blogdoere.com.br\/#website\",\"url\":\"https:\/\/blogdoere.com.br\/\",\"name\":\"blog do er\u00ea\",\"description\":\"\",\"publisher\":{\"@id\":\"https:\/\/blogdoere.com.br\/#organization\"},\"potentialAction\":[{\"@type\":\"SearchAction\",\"target\":{\"@type\":\"EntryPoint\",\"urlTemplate\":\"https:\/\/blogdoere.com.br\/?s={search_term_string}\"},\"query-input\":\"required name=search_term_string\"}],\"inLanguage\":\"pt-PT\"},{\"@type\":\"Organization\",\"@id\":\"https:\/\/blogdoere.com.br\/#organization\",\"name\":\"Blog do Er\u00ea\",\"url\":\"https:\/\/blogdoere.com.br\/\",\"logo\":{\"@type\":\"ImageObject\",\"inLanguage\":\"pt-PT\",\"@id\":\"https:\/\/blogdoere.com.br\/#\/schema\/logo\/image\/\",\"url\":\"https:\/\/blogdoere.com.br\/wp-content\/uploads\/2021\/11\/Logo-Ere-1.png\",\"contentUrl\":\"https:\/\/blogdoere.com.br\/wp-content\/uploads\/2021\/11\/Logo-Ere-1.png\",\"width\":1261,\"height\":1330,\"caption\":\"Blog do Er\u00ea\"},\"image\":{\"@id\":\"https:\/\/blogdoere.com.br\/#\/schema\/logo\/image\/\"}},{\"@type\":\"Person\",\"@id\":\"https:\/\/blogdoere.com.br\/#\/schema\/person\/c4f6d566a44c7bacdda563667715d18b\",\"name\":\"blogdoere@hotmail.com\",\"image\":{\"@type\":\"ImageObject\",\"inLanguage\":\"pt-PT\",\"@id\":\"https:\/\/blogdoere.com.br\/#\/schema\/person\/image\/\",\"url\":\"https:\/\/secure.gravatar.com\/avatar\/5684bd39df1289cb639b4ab539d6fcad69420e4a29521548fc078c58ed122fe6?s=96&d=mm&r=g\",\"contentUrl\":\"https:\/\/secure.gravatar.com\/avatar\/5684bd39df1289cb639b4ab539d6fcad69420e4a29521548fc078c58ed122fe6?s=96&d=mm&r=g\",\"caption\":\"blogdoere@hotmail.com\"},\"sameAs\":[\"http:\/\/blogdoere.com.br\"]}]}<\/script>\n<!-- \/ Yoast SEO plugin. -->","yoast_head_json":{"title":"Bahia: Deputado Marcone Amaral cobra explica\u00e7\u00f5es sobre paralisa\u00e7\u00e3o da obra Fiol - blog do er\u00ea","robots":{"index":"index","follow":"follow","max-snippet":"max-snippet:-1","max-image-preview":"max-image-preview:large","max-video-preview":"max-video-preview:-1"},"canonical":"https:\/\/blogdoere.com.br\/?p=29007","og_locale":"pt_PT","og_type":"article","og_title":"Bahia: Deputado Marcone Amaral cobra explica\u00e7\u00f5es sobre paralisa\u00e7\u00e3o da obra Fiol - blog do er\u00ea","og_description":"Nesta ter\u00e7a-feira, 8 de abril, durante uma reuni\u00e3o da Comiss\u00e3o de Infraestrutura na Assembleia Legislativa da Bahia (Alba), o deputado Marcone Amaral (PSD), solicitou a presen\u00e7a de representantes da Bamin...","og_url":"https:\/\/blogdoere.com.br\/?p=29007","og_site_name":"blog do er\u00ea","article_published_time":"2025-04-08T19:02:47+00:00","article_modified_time":"2025-04-08T19:06:09+00:00","og_image":[{"width":1080,"height":1103,"url":"https:\/\/blogdoere.com.br\/wp-content\/uploads\/2025\/04\/IMG-20250408-WA0125.jpg","type":"image\/jpeg"}],"author":"blogdoere@hotmail.com","twitter_card":"summary_large_image","twitter_misc":{"Escrito por":"blogdoere@hotmail.com","Tempo estimado de leitura":"2 minutos"},"schema":{"@context":"https:\/\/schema.org","@graph":[{"@type":"Article","@id":"https:\/\/blogdoere.com.br\/?p=29007#article","isPartOf":{"@id":"https:\/\/blogdoere.com.br\/?p=29007"},"author":{"name":"blogdoere@hotmail.com","@id":"https:\/\/blogdoere.com.br\/#\/schema\/person\/c4f6d566a44c7bacdda563667715d18b"},"headline":"Bahia: Deputado Marcone Amaral cobra explica\u00e7\u00f5es sobre paralisa\u00e7\u00e3o da obra Fiol","datePublished":"2025-04-08T19:02:47+00:00","dateModified":"2025-04-08T19:06:09+00:00","mainEntityOfPage":{"@id":"https:\/\/blogdoere.com.br\/?p=29007"},"wordCount":203,"commentCount":0,"publisher":{"@id":"https:\/\/blogdoere.com.br\/#organization"},"keywords":["Bahia","itajuipe","Neg\u00f3cios"],"articleSection":["Bahia"],"inLanguage":"pt-PT","potentialAction":[{"@type":"CommentAction","name":"Comment","target":["https:\/\/blogdoere.com.br\/?p=29007#respond"]}]},{"@type":"WebPage","@id":"https:\/\/blogdoere.com.br\/?p=29007","url":"https:\/\/blogdoere.com.br\/?p=29007","name":"Bahia: Deputado Marcone Amaral cobra explica\u00e7\u00f5es sobre paralisa\u00e7\u00e3o da obra Fiol - blog do er\u00ea","isPartOf":{"@id":"https:\/\/blogdoere.com.br\/#website"},"datePublished":"2025-04-08T19:02:47+00:00","dateModified":"2025-04-08T19:06:09+00:00","breadcrumb":{"@id":"https:\/\/blogdoere.com.br\/?p=29007#breadcrumb"},"inLanguage":"pt-PT","potentialAction":[{"@type":"ReadAction","target":["https:\/\/blogdoere.com.br\/?p=29007"]}]},{"@type":"BreadcrumbList","@id":"https:\/\/blogdoere.com.br\/?p=29007#breadcrumb","itemListElement":[{"@type":"ListItem","position":1,"name":"In\u00edcio","item":"https:\/\/blogdoere.com.br\/"},{"@type":"ListItem","position":2,"name":"Bahia: Deputado Marcone Amaral cobra explica\u00e7\u00f5es sobre paralisa\u00e7\u00e3o da obra Fiol"}]},{"@type":"WebSite","@id":"https:\/\/blogdoere.com.br\/#website","url":"https:\/\/blogdoere.com.br\/","name":"blog do er\u00ea","description":"","publisher":{"@id":"https:\/\/blogdoere.com.br\/#organization"},"potentialAction":[{"@type":"SearchAction","target":{"@type":"EntryPoint","urlTemplate":"https:\/\/blogdoere.com.br\/?s={search_term_string}"},"query-input":"required name=search_term_string"}],"inLanguage":"pt-PT"},{"@type":"Organization","@id":"https:\/\/blogdoere.com.br\/#organization","name":"Blog do Er\u00ea","url":"https:\/\/blogdoere.com.br\/","logo":{"@type":"ImageObject","inLanguage":"pt-PT","@id":"https:\/\/blogdoere.com.br\/#\/schema\/logo\/image\/","url":"https:\/\/blogdoere.com.br\/wp-content\/uploads\/2021\/11\/Logo-Ere-1.png","contentUrl":"https:\/\/blogdoere.com.br\/wp-content\/uploads\/2021\/11\/Logo-Ere-1.png","width":1261,"height":1330,"caption":"Blog do Er\u00ea"},"image":{"@id":"https:\/\/blogdoere.com.br\/#\/schema\/logo\/image\/"}},{"@type":"Person","@id":"https:\/\/blogdoere.com.br\/#\/schema\/person\/c4f6d566a44c7bacdda563667715d18b","name":"blogdoere@hotmail.com","image":{"@type":"ImageObject","inLanguage":"pt-PT","@id":"https:\/\/blogdoere.com.br\/#\/schema\/person\/image\/","url":"https:\/\/secure.gravatar.com\/avatar\/5684bd39df1289cb639b4ab539d6fcad69420e4a29521548fc078c58ed122fe6?s=96&d=mm&r=g","contentUrl":"https:\/\/secure.gravatar.com\/avatar\/5684bd39df1289cb639b4ab539d6fcad69420e4a29521548fc078c58ed122fe6?s=96&d=mm&r=g","caption":"blogdoere@hotmail.com"},"sameAs":["http:\/\/blogdoere.com.br"]}]}},"featured_image_urls":{"full":["https:\/\/blogdoere.com.br\/wp-content\/uploads\/2025\/04\/IMG-20250408-WA0125.jpg",1080,1103,false],"thumbnail":["https:\/\/blogdoere.com.br\/wp-content\/uploads\/2025\/04\/IMG-20250408-WA0125-150x150.jpg",150,150,true],"medium":["https:\/\/blogdoere.com.br\/wp-content\/uploads\/2025\/04\/IMG-20250408-WA0125-294x300.jpg",294,300,true],"medium_large":["https:\/\/blogdoere.com.br\/wp-content\/uploads\/2025\/04\/IMG-20250408-WA0125-768x784.jpg",768,784,true],"large":["https:\/\/blogdoere.com.br\/wp-content\/uploads\/2025\/04\/IMG-20250408-WA0125-1003x1024.jpg",1003,1024,true],"1536x1536":["https:\/\/blogdoere.com.br\/wp-content\/uploads\/2025\/04\/IMG-20250408-WA0125.jpg",1080,1103,false],"2048x2048":["https:\/\/blogdoere.com.br\/wp-content\/uploads\/2025\/04\/IMG-20250408-WA0125.jpg",1080,1103,false]},"author_info":{"display_name":"blogdoere@hotmail.com","author_link":"https:\/\/blogdoere.com.br\/?author=1"},"category_info":"<a href=\"https:\/\/blogdoere.com.br\/?cat=39\" rel=\"category\">Bahia<\/a>","tag_info":"Bahia","comment_count":"0","_links":{"self":[{"href":"https:\/\/blogdoere.com.br\/index.php?rest_route=\/wp\/v2\/posts\/29007","targetHints":{"allow":["GET"]}}],"collection":[{"href":"https:\/\/blogdoere.com.br\/index.php?rest_route=\/wp\/v2\/posts"}],"about":[{"href":"https:\/\/blogdoere.com.br\/index.php?rest_route=\/wp\/v2\/types\/post"}],"author":[{"embeddable":true,"href":"https:\/\/blogdoere.com.br\/index.php?rest_route=\/wp\/v2\/users\/1"}],"replies":[{"embeddable":true,"href":"https:\/\/blogdoere.com.br\/index.php?rest_route=%2Fwp%2Fv2%2Fcomments&post=29007"}],"version-history":[{"count":2,"href":"https:\/\/blogdoere.com.br\/index.php?rest_route=\/wp\/v2\/posts\/29007\/revisions"}],"predecessor-version":[{"id":29011,"href":"https:\/\/blogdoere.com.br\/index.php?rest_route=\/wp\/v2\/posts\/29007\/revisions\/29011"}],"wp:featuredmedia":[{"embeddable":true,"href":"https:\/\/blogdoere.com.br\/index.php?rest_route=\/wp\/v2\/media\/29008"}],"wp:attachment":[{"href":"https:\/\/blogdoere.com.br\/index.php?rest_route=%2Fwp%2Fv2%2Fmedia&parent=29007"}],"wp:term":[{"taxonomy":"category","embeddable":true,"href":"https:\/\/blogdoere.com.br\/index.php?rest_route=%2Fwp%2Fv2%2Fcategories&post=29007"},{"taxonomy":"post_tag","embeddable":true,"href":"https:\/\/blogdoere.com.br\/index.php?rest_route=%2Fwp%2Fv2%2Ftags&post=29007"}],"curies":[{"name":"wp","href":"https:\/\/api.w.org\/{rel}","templated":true}]}}