{"id":29042,"date":"2025-04-17T01:25:22","date_gmt":"2025-04-17T01:25:22","guid":{"rendered":"https:\/\/blogdoere.com.br\/?p=29042"},"modified":"2025-04-17T02:01:13","modified_gmt":"2025-04-17T02:01:13","slug":"fundacao-hansen-bahia-elege-novo-presidente-para-o-bienio-2025-27","status":"publish","type":"post","link":"https:\/\/blogdoere.com.br\/?p=29042","title":{"rendered":"Funda\u00e7\u00e3o Hansen Bahia elege novo presidente para o bi\u00eanio 2025\/27"},"content":{"rendered":"\n<figure class=\"wp-block-image size-full\"><img decoding=\"async\" width=\"640\" height=\"640\" src=\"https:\/\/blogdoere.com.br\/wp-content\/uploads\/2025\/04\/IMG-20250416-WA0051.jpg\" alt=\"\" class=\"wp-image-29043\" srcset=\"https:\/\/blogdoere.com.br\/wp-content\/uploads\/2025\/04\/IMG-20250416-WA0051.jpg 640w, https:\/\/blogdoere.com.br\/wp-content\/uploads\/2025\/04\/IMG-20250416-WA0051-300x300.jpg 300w, https:\/\/blogdoere.com.br\/wp-content\/uploads\/2025\/04\/IMG-20250416-WA0051-150x150.jpg 150w\" sizes=\"(max-width: 640px) 100vw, 640px\" \/><figcaption class=\"wp-element-caption\"><strong>Jomar Lima \u2013 Diretor Executivo da FHB, Museol\u00f3gico<\/strong><\/figcaption><\/figure>\n\n\n\n<p class=\"has-text-align-left\">Cachoeira, 16 de abril de 2025<\/p>\n\n\n\n<p>Uma gest\u00e3o din\u00e2mica e eficiente, amparada por um conselho mais participativo e pautada na realiza\u00e7\u00e3o de projetos sustent\u00e1veis e estabelecimento de parcerias estrat\u00e9gicas foi a proposta apresentada pelo novo presidente da Funda\u00e7\u00e3o Hansen Bahia, tradicional entidade sediada na cidade de Cachoeira, no Rec\u00f4ncavo baiano,o engenheiro eletricista Ariosto Luz. Eleito por unanimidade para um mandato de dois anos, entre 20 de fevereiro de 2025 a 20 de fevereiro de 2027, Ariosto substituia professora Dinalva Melo do Nascimento e vai contar com a colabora\u00e7\u00e3o do muse\u00f3logo Jomar Lima na dire\u00e7\u00e3o executiva da institui\u00e7\u00e3o.Para o presidente eleito, Ariosto Luiz, \u2014 \u201cPretendemos um Conselho Curador muito presente na gest\u00e3o da Funda\u00e7\u00e3o. No aspecto gerencial, inicialmente, promover o planejamento estrat\u00e9gico e o aprimoramento da gest\u00e3o e da governan\u00e7a da Funda\u00e7\u00e3o. Para o aperfei\u00e7oamento da oferta cultural ser\u00e1 importante a integra\u00e7\u00e3o das tr\u00eas unidade musicais valorizando suas diferentes funcionalidades, bem como a incorpora\u00e7\u00e3o de novas linguagens musicais, com apoio de tecnologias digitais e multim\u00eddia. Tamb\u00e9m entendemos como fundamental aprimorar a rela\u00e7\u00e3o com detentores de culturas tradicionais, artistas e produtores culturais e estudantes da regi\u00e3o, criando espa\u00e7os de forma\u00e7\u00e3o e experimenta\u00e7\u00e3o, com vistas ao impulsionamento da economia da cultura e da economia criativa do Rec\u00f4ncavo Baiano, em sinergia com o turismo cultural, t\u00e3o importante para Cachoeira e S\u00e3o F\u00e9lix. Para isso, estaremos atentos para novas parcerias com institui\u00e7\u00f5es interessadas na promo\u00e7\u00e3o de cultura e da educa\u00e7\u00e3o, bem como no grande debate ambiental\u201d, declara.Conselheiro da funda\u00e7\u00e3o por um bom per\u00edodo, Jomar Lima ocupava o cargo de coordenador executivo de museologia nos \u00faltimos anos e agora, ao ocupar a dire\u00e7\u00e3o executiva \u2014 o que considera \u201cuma honra e alegria muito grande ocupar cargo de tamanha relev\u00e2ncia numa institui\u00e7\u00e3o como essa\u201d \u2014, defende a import\u00e2ncia de se estabelecer um novo modelo de governan\u00e7a da funda\u00e7\u00e3o em que cada conselheiro venha a ser o gestor executivo de cada projeto captado, promovendo uma a\u00e7\u00e3o mais ativa e direta com a gest\u00e3o<\/p>\n\n\n\n<figure class=\"wp-block-gallery has-nested-images columns-default is-cropped wp-block-gallery-1 is-layout-flex wp-block-gallery-is-layout-flex\">\n<figure class=\"wp-block-image size-large\"><img decoding=\"async\" width=\"1024\" height=\"768\" data-id=\"29044\" src=\"https:\/\/blogdoere.com.br\/wp-content\/uploads\/2025\/04\/IMG-20250416-WA0052-1024x768.jpg\" alt=\"\" class=\"wp-image-29044\" srcset=\"https:\/\/blogdoere.com.br\/wp-content\/uploads\/2025\/04\/IMG-20250416-WA0052-1024x768.jpg 1024w, https:\/\/blogdoere.com.br\/wp-content\/uploads\/2025\/04\/IMG-20250416-WA0052-300x225.jpg 300w, https:\/\/blogdoere.com.br\/wp-content\/uploads\/2025\/04\/IMG-20250416-WA0052-768x576.jpg 768w, https:\/\/blogdoere.com.br\/wp-content\/uploads\/2025\/04\/IMG-20250416-WA0052-1536x1152.jpg 1536w, https:\/\/blogdoere.com.br\/wp-content\/uploads\/2025\/04\/IMG-20250416-WA0052.jpg 1600w\" sizes=\"(max-width: 1024px) 100vw, 1024px\" \/><figcaption class=\"wp-element-caption\"><strong>Conselheiros no dia da elei\u00e7\u00e3o<\/strong><\/figcaption><\/figure>\n<\/figure>\n\n\n\n<p>A gest\u00e3o anterior conseguiu avan\u00e7os, buscou o crescimento da institui\u00e7\u00e3o,destravou repasses do estado e agora o principal desafio do novo presidente \u00e9manter o legado de Hansen e o acervo da funda\u00e7\u00e3o, al\u00e9m da casa na fazendaSanta B\u00e1rbara e a casa doada para funcionar a Funda\u00e7\u00e3o Hansen Bahia, osim\u00f3veis mais importantes com rela\u00e7\u00e3o \u00e0 hist\u00f3ria e mem\u00f3ria da Funda\u00e7\u00e3o, e aindabuscar recursos para fortalecer a arte e cultura do Rec\u00f4ncavo, pensar na retomadado Festival de Inverno, um dos mais importantes produtos na \u00e9poca da professoraNoelice Costa Pinto, e pensar nos outros grupos culturais que a gente j\u00e1 abra\u00e7a,mas em outro formato\u201d, pontuou.O Conselheiro Nato, F\u00e1bio Costa Pinto, defendeu a import\u00e2ncia do legado deHansen e da primeira diretora, fundadora da institui\u00e7\u00e3o com a seguinte frase dela:\u201cAperfei\u00e7oar o homem atrav\u00e9s da arte e da cultura, sempre ser\u00e1 um dos prop\u00f3sitosda Funda\u00e7\u00e3o Hansen Bahia, a parte educacional e social sempre ser\u00e1imprescind\u00edvel\u201d. \u2014 Professora Noelice Costa Pinto (Aluna, amiga, fundadora etestamenteira de Hansen Bahia). Conselheiro h\u00e1 mais de 35 anos, F\u00e1bio Costa Pinto, assumiu a cadeira de sua m\u00e3e,professora Noelice Costa Pinto e senti-se cansado de promessas e promessas enada sai do lugar. \u201cTriste ver o legado de Hansen esquecido. J\u00e1 perdi as contas, dequantos secret\u00e1rios de cultura do estado prometeram fazer e \u00e9 o que vemos, umprojeto revolucion\u00e1rio, social, educacional, art\u00edstico e cultural, parado. \u2014 \u201cdesejosorte ao novo presidente eleito, o Ariosto e ao novo diretor-executivo Jomar Lima,nessa \u00e1rdua miss\u00e3o, trazer de volta a Funda\u00e7\u00e3o que Hansen Bahia e Noelice, tantosonharam.Ao deixar o cargo, a professora Dinalva Melo, que administrou a Funda\u00e7\u00e3o nos \u00faltimos quatro anos, criticou o abandono sofrido pela entidade por parte do poder p\u00fablico, que trouxe problemas administrativos, com atrasos salariais e falta de sustenta\u00e7\u00e3o financeira. Ela disse que em sua gest\u00e3o procurou destravar esses impasses e que deixou quatro projetos aprovados para financiamento de patrocinadores. Disse que apesar de ter conseguido apoio da Neonergia e doIPHAN, projetos importantes como o Museu em Movimento, s\u00f3 obteve 50% de recursos captados. Desejou sucesso para o novo presidente, salientando a necessidade de que encontre tempo para se dedicar \u00e0 institui\u00e7\u00e3o, destacando a necessidade de uma maior presen\u00e7a f\u00edsica na cidade. \u2014 \u201cO principal desafio daqui para a frente \u00e9 a governan\u00e7a, capta\u00e7\u00e3o de recursos, planejamento estrat\u00e9gico e a sustentabilidade para a Funda\u00e7\u00e3o\u201d, apontou.<\/p>\n\n\n\n<figure class=\"wp-block-gallery has-nested-images columns-default is-cropped wp-block-gallery-2 is-layout-flex wp-block-gallery-is-layout-flex\">\n<figure class=\"wp-block-image size-large\"><img decoding=\"async\" width=\"235\" height=\"300\" data-id=\"29045\" src=\"https:\/\/blogdoere.com.br\/wp-content\/uploads\/2025\/04\/IMG-20250416-WA0053.jpg\" alt=\"\" class=\"wp-image-29045\"\/><figcaption class=\"wp-element-caption\"><strong>Hansen Bahia<\/strong><\/figcaption><\/figure>\n<\/figure>\n\n\n\n<p>Um dos conselheiros mais antigo da Funda\u00e7\u00e3o Hansen Bahia, o Padre Roque, disse esperar que o novo presidente d\u00ea sequ\u00eancia \u00e0 administra\u00e7\u00e3o anterior que, segundo ele, foi uma das mais importantes realizadas na institui\u00e7\u00e3o. Salientou tamb\u00e9m a relev\u00e2ncia da Funda\u00e7\u00e3o Hansen, \u201cque \u00e9 uma das mais importantes do estado,porque foi criada por um homem estrangeiro que amou demais o Brasil e a Bahia,adotando o pr\u00f3prio nome do estado\u201d, e aprovou a indica\u00e7\u00e3o de Jomar para a diretoria executiva. \u201cEssa administra\u00e7\u00e3o deu for\u00e7a a Jomar, que \u00e9 um patrim\u00f4nio da funda\u00e7\u00e3o. Estou muito confiante no sucesso, como um dos mais velhos componentes, junto com Jos\u00e9 Peixoto M\u00e1rio Costa Pinto e Noelice, a menina dos olhos de Hansen\u201d, destacou.Antonio Morais, conselheiro h\u00e1 quase 20 anos, defendeu a nova gest\u00e3o. \u201cAriosto tem vis\u00e3o e acredito que v\u00e1 conduzir muito bem a funda\u00e7\u00e3o, assim como a professora Dinalva fez. A escolha de Jomar para a dire\u00e7\u00e3o executiva tamb\u00e9m foi importante, pois \u00e9 uma pessoa de Cachoeira, que conhece a realidade da cidade eda funda\u00e7\u00e3o\u201d, salientou, lembrando que os principais desafios a serem enfrentados pela funda\u00e7\u00e3o passam pela capta\u00e7\u00e3o de recursos para arcar com as despesas e promover as atividades. Mais novo conselheiro da Funda\u00e7\u00e3o, indicado pela Prefeitura de S\u00e3o F\u00e9lix, o artes\u00e3o Silvio Roberto Mascarenhas Ferreira considera ser fundamental desenvolver mais projetos para viabilizar o funcionamento da entidade. \u201cA Funda\u00e7\u00e3o Hansen Bahia tem import\u00e2ncia no Rec\u00f4ncavo, na Bahia e no Brasil. Aqui tem potencialidade para crescer muito mais\u201d, profetizou.A Funda\u00e7\u00e3o Hansen Bahia \u00e9 uma entidade cultural, pessoa jur\u00eddica de direito privado e patrim\u00f4nio pr\u00f3prio nos termos da lei civil, sem fins lucrativos e reconhecida de utilidade p\u00fablica pela C\u00e2mara de Vereadores do Munic\u00edpio de Cachoeira, na Bahia, no dia 27 de outubro de 1981, cujo projeto de lei tem o n.\u00ba03\/81. \u2014 A integra\u00e7\u00e3o com a comunidade do Rec\u00f4ncavo baiano.Os objetivos principais e gen\u00e9ricos s\u00e3o: incentivar as belas-artes, especialmente axilogravura; descobrir talentos; incentivar a atualiza\u00e7\u00e3o do potencial criativo;preservar e defender os bens culturais, constitu\u00eddos das tradi\u00e7\u00f5es, costumes,cria\u00e7\u00f5es art\u00edsticas e liter\u00e1rias, realiza\u00e7\u00f5es t\u00e9cnicas e cientifica, divulga\u00e7\u00e3o das manifesta\u00e7\u00f5es de criatividades, estimulando a cria\u00e7\u00e3o e o fomento via instrumentos materiais, desenvolver com a colabora\u00e7\u00e3o dos \u00f3rg\u00e3os de edu\u00e7\u00e3o, a educa\u00e7\u00e3o cultural do munic\u00edpio e regi\u00f5es circunvizinhas, aumentando assim, o gosto pelas artes, cria\u00e7\u00e3o de cursos de extens\u00e3o e promover cursos de curta dura\u00e7\u00e3o, celebrar conv\u00eanio com \u00f3rg\u00e3os oficiais e privados para fomentar na juventude o gosto pelas artes e servir dentro do poss\u00edvel, para o aumento da renda per-capta da popula\u00e7\u00e3o de Cachoeira e S\u00e3o Feliz atrav\u00e9s do est\u00edmulo ao conhecimento e divulga\u00e7\u00e3o<\/p>\n\n\n\n<figure class=\"wp-block-gallery has-nested-images columns-default is-cropped wp-block-gallery-3 is-layout-flex wp-block-gallery-is-layout-flex\">\n<figure class=\"wp-block-image size-large\"><img decoding=\"async\" width=\"768\" height=\"1024\" data-id=\"29046\" src=\"https:\/\/blogdoere.com.br\/wp-content\/uploads\/2025\/04\/IMG-20250416-WA0054-768x1024.jpg\" alt=\"\" class=\"wp-image-29046\" srcset=\"https:\/\/blogdoere.com.br\/wp-content\/uploads\/2025\/04\/IMG-20250416-WA0054-768x1024.jpg 768w, https:\/\/blogdoere.com.br\/wp-content\/uploads\/2025\/04\/IMG-20250416-WA0054-225x300.jpg 225w, https:\/\/blogdoere.com.br\/wp-content\/uploads\/2025\/04\/IMG-20250416-WA0054-1152x1536.jpg 1152w, https:\/\/blogdoere.com.br\/wp-content\/uploads\/2025\/04\/IMG-20250416-WA0054.jpg 1200w\" sizes=\"(max-width: 768px) 100vw, 768px\" \/><figcaption class=\"wp-element-caption\"><strong>A FHB em novo momento.<\/strong><\/figcaption><\/figure>\n<\/figure>\n\n\n\n<p>culturais, incentivado pelo turismo cultural, a educa\u00e7\u00e3o e os fins sociais embenef\u00edcios da sociedade.Hansen BahiaNascido em 19 de abril de 1915, em Hamburgo, Alemanha Ocidental, de nome KarlHeinz Hansen.Foi marinheiro, escultor, poeta, escritor, cineasta, pintor e xil\u00f3grafo, o qual sededicou especificamente. Participou da \u00faltima guerra mundial denunciando-a no seufamoso \u201cDRAMA DO CALV\u00c1RIO\u201d. Cansado de tudo e de todos, saiu da Alemanha eveio conhecer o Brasil, chegando em S\u00e3o Paulo em 1950.Morou alguns anos em S\u00e3o Paulo, teve seu primeiro emprego na Companhia Melhoramentos de S\u00e3o Paulo, como decorador, em 15 de julho de 1950. No ano de1955, saiu da Companhia de Melhoramentos de S\u00e3o Paulo e foi conhecer a Bahia.Naturalizou-se brasileiro e adotou a Bahia como seu nome.Viveu intensamente no Pelourinho, sentindo de perto a intimidade das prostitutas que ali viviam, para retrat\u00e1-las nas suas matrizes. No ano de 1957, a livraria Progresso Editora, lan\u00e7a seu livro \u201cFlor de S\u00e3o Miguel\u201d dedicado ao bar do mesmo nome que ele frequentava diariamente. A apresenta\u00e7\u00e3o \u00e9 de Jorge Amado.Depois de 10 anos vividos na Bahia, em 1962, volta a Alemanha e organiza umateli\u00ea em Tittnoning no Castelo de Ca\u00e7a dos arcebispos de S\u00e3o Salzburgo constru\u00eddo em 1234.Hansen volta a Bahia em 1965. Traz consigo sua aluna alem\u00e3 Ilse Carolina Stromaier, jovem camponesa que a amava. Vai morar em Piat\u00e3, bairro de Salvador,orla mar\u00edtima, onde aprende as primeiras palavras em portugu\u00eas com ospescadores.Em 1975, descobre Cachoeira e S\u00e3o F\u00e9lix levado por sua ex-aluna Noelice Costa Pinto e seu amigo Jos\u00e9 M\u00e1rio Peixoto Costa Pinto. Resolveu morar em S\u00e3o F\u00e9lix e<\/p>\n\n\n\n<p>doar toda a sua obra art\u00edstica para a Bahia por testamento, para que se fizesse uma funda\u00e7\u00e3o com o seu nome.No dia 19 de abril de 1976, dia do seu anivers\u00e1rio, no Touring Clube de Bras\u00edlia,Hansen faz a doa\u00e7\u00e3o para as autoridades federais olharem para Cachoeira que tanto precisava ser soerguida.Em vista de t\u00e3o grandioso gesto, a prefeitura municipal de Cachoeira, atrav\u00e9s do seu prefeito, Dr Edson Ivo de Santana, m\u00e9dico, doa uma casa para que fosse instalada a Funda\u00e7\u00e3o Hansen Bahia. No dia 31 de julho do mesmo ano, foi constitu\u00edda a Funda\u00e7\u00e3o Hansen Bahia durante o encerramento do I Festival de Inverno da Cachoeira.Em 1978, no dia 19 de abril, foi inaugurado o Museu Hansen Bahia, com Hansen bastante doente. No dia 30 de maio, parte Hansen Bahia para S\u00e3o Paulo. Foi operado no dia 13 de junho e n\u00e3o resistindo morreu de um edema pulmonar,uremia-c\u00e2ncer de bexiga, \u00e0s 16 horas do dia 14 de junho, sendo sepultado no cremat\u00f3rio M. em S\u00e3o Paulo.<\/p>\n\n\n\n<p>Reportagem: Paulo Am\u00e2ncio \/ Jornalista edi\u00e7\u00e3o: F\u00e1bio Costa`Pinto \/ Jornalista e Conselheiro da FHB.Fotos: Jomar lima e F\u00e1bio Costa Pinto<\/p>\n","protected":false},"excerpt":{"rendered":"<p>Cachoeira, 16 de abril de 2025 Uma gest\u00e3o din\u00e2mica e eficiente, amparada por um conselho mais participativo e pautada na realiza\u00e7\u00e3o de projetos sustent\u00e1veis e estabelecimento de parcerias estrat\u00e9gicas foi&#8230;<\/p>\n","protected":false},"author":1,"featured_media":29043,"comment_status":"open","ping_status":"open","sticky":false,"template":"","format":"standard","meta":{"_editorskit_title_hidden":false,"_editorskit_reading_time":0,"_editorskit_is_block_options_detached":false,"_editorskit_block_options_position":"{}","om_disable_all_campaigns":false,"_mi_skip_tracking":false,"_kad_post_transparent":"","_kad_post_title":"","_kad_post_layout":"","_kad_post_sidebar_id":"","_kad_post_content_style":"","_kad_post_vertical_padding":"","_kad_post_feature":"","_kad_post_feature_position":"","_kad_post_header":false,"_kad_post_footer":false,"footnotes":""},"categories":[37],"tags":[42],"class_list":["post-29042","post","type-post","status-publish","format-standard","has-post-thumbnail","hentry","category-cultura","tag-bahia"],"yoast_head":"<!-- This site is optimized with the Yoast SEO plugin v20.5 - https:\/\/yoast.com\/wordpress\/plugins\/seo\/ -->\n<title>Funda\u00e7\u00e3o Hansen Bahia elege novo presidente para o bi\u00eanio 2025\/27 - blog do er\u00ea<\/title>\n<meta name=\"robots\" content=\"index, follow, max-snippet:-1, max-image-preview:large, max-video-preview:-1\" \/>\n<link rel=\"canonical\" href=\"https:\/\/blogdoere.com.br\/?p=29042\" \/>\n<meta property=\"og:locale\" content=\"pt_PT\" \/>\n<meta property=\"og:type\" content=\"article\" \/>\n<meta property=\"og:title\" content=\"Funda\u00e7\u00e3o Hansen Bahia elege novo presidente para o bi\u00eanio 2025\/27 - blog do er\u00ea\" \/>\n<meta property=\"og:description\" content=\"Cachoeira, 16 de abril de 2025 Uma gest\u00e3o din\u00e2mica e eficiente, amparada por um conselho mais participativo e pautada na realiza\u00e7\u00e3o de projetos sustent\u00e1veis e estabelecimento de parcerias estrat\u00e9gicas foi...\" \/>\n<meta property=\"og:url\" content=\"https:\/\/blogdoere.com.br\/?p=29042\" \/>\n<meta property=\"og:site_name\" content=\"blog do er\u00ea\" \/>\n<meta property=\"article:published_time\" content=\"2025-04-17T01:25:22+00:00\" \/>\n<meta property=\"article:modified_time\" content=\"2025-04-17T02:01:13+00:00\" \/>\n<meta property=\"og:image\" content=\"https:\/\/blogdoere.com.br\/wp-content\/uploads\/2025\/04\/IMG-20250416-WA0051.jpg\" \/>\n\t<meta property=\"og:image:width\" content=\"640\" \/>\n\t<meta property=\"og:image:height\" content=\"640\" \/>\n\t<meta property=\"og:image:type\" content=\"image\/jpeg\" \/>\n<meta name=\"author\" content=\"blogdoere@hotmail.com\" \/>\n<meta name=\"twitter:card\" content=\"summary_large_image\" \/>\n<meta name=\"twitter:label1\" content=\"Escrito por\" \/>\n\t<meta name=\"twitter:data1\" content=\"blogdoere@hotmail.com\" \/>\n\t<meta name=\"twitter:label2\" content=\"Tempo estimado de leitura\" \/>\n\t<meta name=\"twitter:data2\" content=\"10 minutos\" \/>\n<script type=\"application\/ld+json\" class=\"yoast-schema-graph\">{\"@context\":\"https:\/\/schema.org\",\"@graph\":[{\"@type\":\"Article\",\"@id\":\"https:\/\/blogdoere.com.br\/?p=29042#article\",\"isPartOf\":{\"@id\":\"https:\/\/blogdoere.com.br\/?p=29042\"},\"author\":{\"name\":\"blogdoere@hotmail.com\",\"@id\":\"https:\/\/blogdoere.com.br\/#\/schema\/person\/c4f6d566a44c7bacdda563667715d18b\"},\"headline\":\"Funda\u00e7\u00e3o Hansen Bahia elege novo presidente para o bi\u00eanio 2025\/27\",\"datePublished\":\"2025-04-17T01:25:22+00:00\",\"dateModified\":\"2025-04-17T02:01:13+00:00\",\"mainEntityOfPage\":{\"@id\":\"https:\/\/blogdoere.com.br\/?p=29042\"},\"wordCount\":1786,\"commentCount\":0,\"publisher\":{\"@id\":\"https:\/\/blogdoere.com.br\/#organization\"},\"keywords\":[\"Bahia\"],\"articleSection\":[\"Cultura\"],\"inLanguage\":\"pt-PT\",\"potentialAction\":[{\"@type\":\"CommentAction\",\"name\":\"Comment\",\"target\":[\"https:\/\/blogdoere.com.br\/?p=29042#respond\"]}]},{\"@type\":\"WebPage\",\"@id\":\"https:\/\/blogdoere.com.br\/?p=29042\",\"url\":\"https:\/\/blogdoere.com.br\/?p=29042\",\"name\":\"Funda\u00e7\u00e3o Hansen Bahia elege novo presidente para o bi\u00eanio 2025\/27 - blog do er\u00ea\",\"isPartOf\":{\"@id\":\"https:\/\/blogdoere.com.br\/#website\"},\"datePublished\":\"2025-04-17T01:25:22+00:00\",\"dateModified\":\"2025-04-17T02:01:13+00:00\",\"breadcrumb\":{\"@id\":\"https:\/\/blogdoere.com.br\/?p=29042#breadcrumb\"},\"inLanguage\":\"pt-PT\",\"potentialAction\":[{\"@type\":\"ReadAction\",\"target\":[\"https:\/\/blogdoere.com.br\/?p=29042\"]}]},{\"@type\":\"BreadcrumbList\",\"@id\":\"https:\/\/blogdoere.com.br\/?p=29042#breadcrumb\",\"itemListElement\":[{\"@type\":\"ListItem\",\"position\":1,\"name\":\"In\u00edcio\",\"item\":\"https:\/\/blogdoere.com.br\/\"},{\"@type\":\"ListItem\",\"position\":2,\"name\":\"Funda\u00e7\u00e3o Hansen Bahia elege novo presidente para o bi\u00eanio 2025\/27\"}]},{\"@type\":\"WebSite\",\"@id\":\"https:\/\/blogdoere.com.br\/#website\",\"url\":\"https:\/\/blogdoere.com.br\/\",\"name\":\"blog do er\u00ea\",\"description\":\"\",\"publisher\":{\"@id\":\"https:\/\/blogdoere.com.br\/#organization\"},\"potentialAction\":[{\"@type\":\"SearchAction\",\"target\":{\"@type\":\"EntryPoint\",\"urlTemplate\":\"https:\/\/blogdoere.com.br\/?s={search_term_string}\"},\"query-input\":\"required name=search_term_string\"}],\"inLanguage\":\"pt-PT\"},{\"@type\":\"Organization\",\"@id\":\"https:\/\/blogdoere.com.br\/#organization\",\"name\":\"Blog do Er\u00ea\",\"url\":\"https:\/\/blogdoere.com.br\/\",\"logo\":{\"@type\":\"ImageObject\",\"inLanguage\":\"pt-PT\",\"@id\":\"https:\/\/blogdoere.com.br\/#\/schema\/logo\/image\/\",\"url\":\"https:\/\/blogdoere.com.br\/wp-content\/uploads\/2021\/11\/Logo-Ere-1.png\",\"contentUrl\":\"https:\/\/blogdoere.com.br\/wp-content\/uploads\/2021\/11\/Logo-Ere-1.png\",\"width\":1261,\"height\":1330,\"caption\":\"Blog do Er\u00ea\"},\"image\":{\"@id\":\"https:\/\/blogdoere.com.br\/#\/schema\/logo\/image\/\"}},{\"@type\":\"Person\",\"@id\":\"https:\/\/blogdoere.com.br\/#\/schema\/person\/c4f6d566a44c7bacdda563667715d18b\",\"name\":\"blogdoere@hotmail.com\",\"image\":{\"@type\":\"ImageObject\",\"inLanguage\":\"pt-PT\",\"@id\":\"https:\/\/blogdoere.com.br\/#\/schema\/person\/image\/\",\"url\":\"https:\/\/secure.gravatar.com\/avatar\/5684bd39df1289cb639b4ab539d6fcad69420e4a29521548fc078c58ed122fe6?s=96&d=mm&r=g\",\"contentUrl\":\"https:\/\/secure.gravatar.com\/avatar\/5684bd39df1289cb639b4ab539d6fcad69420e4a29521548fc078c58ed122fe6?s=96&d=mm&r=g\",\"caption\":\"blogdoere@hotmail.com\"},\"sameAs\":[\"http:\/\/blogdoere.com.br\"]}]}<\/script>\n<!-- \/ Yoast SEO plugin. -->","yoast_head_json":{"title":"Funda\u00e7\u00e3o Hansen Bahia elege novo presidente para o bi\u00eanio 2025\/27 - blog do er\u00ea","robots":{"index":"index","follow":"follow","max-snippet":"max-snippet:-1","max-image-preview":"max-image-preview:large","max-video-preview":"max-video-preview:-1"},"canonical":"https:\/\/blogdoere.com.br\/?p=29042","og_locale":"pt_PT","og_type":"article","og_title":"Funda\u00e7\u00e3o Hansen Bahia elege novo presidente para o bi\u00eanio 2025\/27 - blog do er\u00ea","og_description":"Cachoeira, 16 de abril de 2025 Uma gest\u00e3o din\u00e2mica e eficiente, amparada por um conselho mais participativo e pautada na realiza\u00e7\u00e3o de projetos sustent\u00e1veis e estabelecimento de parcerias estrat\u00e9gicas foi...","og_url":"https:\/\/blogdoere.com.br\/?p=29042","og_site_name":"blog do er\u00ea","article_published_time":"2025-04-17T01:25:22+00:00","article_modified_time":"2025-04-17T02:01:13+00:00","og_image":[{"width":640,"height":640,"url":"https:\/\/blogdoere.com.br\/wp-content\/uploads\/2025\/04\/IMG-20250416-WA0051.jpg","type":"image\/jpeg"}],"author":"blogdoere@hotmail.com","twitter_card":"summary_large_image","twitter_misc":{"Escrito por":"blogdoere@hotmail.com","Tempo estimado de leitura":"10 minutos"},"schema":{"@context":"https:\/\/schema.org","@graph":[{"@type":"Article","@id":"https:\/\/blogdoere.com.br\/?p=29042#article","isPartOf":{"@id":"https:\/\/blogdoere.com.br\/?p=29042"},"author":{"name":"blogdoere@hotmail.com","@id":"https:\/\/blogdoere.com.br\/#\/schema\/person\/c4f6d566a44c7bacdda563667715d18b"},"headline":"Funda\u00e7\u00e3o Hansen Bahia elege novo presidente para o bi\u00eanio 2025\/27","datePublished":"2025-04-17T01:25:22+00:00","dateModified":"2025-04-17T02:01:13+00:00","mainEntityOfPage":{"@id":"https:\/\/blogdoere.com.br\/?p=29042"},"wordCount":1786,"commentCount":0,"publisher":{"@id":"https:\/\/blogdoere.com.br\/#organization"},"keywords":["Bahia"],"articleSection":["Cultura"],"inLanguage":"pt-PT","potentialAction":[{"@type":"CommentAction","name":"Comment","target":["https:\/\/blogdoere.com.br\/?p=29042#respond"]}]},{"@type":"WebPage","@id":"https:\/\/blogdoere.com.br\/?p=29042","url":"https:\/\/blogdoere.com.br\/?p=29042","name":"Funda\u00e7\u00e3o Hansen Bahia elege novo presidente para o bi\u00eanio 2025\/27 - blog do er\u00ea","isPartOf":{"@id":"https:\/\/blogdoere.com.br\/#website"},"datePublished":"2025-04-17T01:25:22+00:00","dateModified":"2025-04-17T02:01:13+00:00","breadcrumb":{"@id":"https:\/\/blogdoere.com.br\/?p=29042#breadcrumb"},"inLanguage":"pt-PT","potentialAction":[{"@type":"ReadAction","target":["https:\/\/blogdoere.com.br\/?p=29042"]}]},{"@type":"BreadcrumbList","@id":"https:\/\/blogdoere.com.br\/?p=29042#breadcrumb","itemListElement":[{"@type":"ListItem","position":1,"name":"In\u00edcio","item":"https:\/\/blogdoere.com.br\/"},{"@type":"ListItem","position":2,"name":"Funda\u00e7\u00e3o Hansen Bahia elege novo presidente para o bi\u00eanio 2025\/27"}]},{"@type":"WebSite","@id":"https:\/\/blogdoere.com.br\/#website","url":"https:\/\/blogdoere.com.br\/","name":"blog do er\u00ea","description":"","publisher":{"@id":"https:\/\/blogdoere.com.br\/#organization"},"potentialAction":[{"@type":"SearchAction","target":{"@type":"EntryPoint","urlTemplate":"https:\/\/blogdoere.com.br\/?s={search_term_string}"},"query-input":"required name=search_term_string"}],"inLanguage":"pt-PT"},{"@type":"Organization","@id":"https:\/\/blogdoere.com.br\/#organization","name":"Blog do Er\u00ea","url":"https:\/\/blogdoere.com.br\/","logo":{"@type":"ImageObject","inLanguage":"pt-PT","@id":"https:\/\/blogdoere.com.br\/#\/schema\/logo\/image\/","url":"https:\/\/blogdoere.com.br\/wp-content\/uploads\/2021\/11\/Logo-Ere-1.png","contentUrl":"https:\/\/blogdoere.com.br\/wp-content\/uploads\/2021\/11\/Logo-Ere-1.png","width":1261,"height":1330,"caption":"Blog do Er\u00ea"},"image":{"@id":"https:\/\/blogdoere.com.br\/#\/schema\/logo\/image\/"}},{"@type":"Person","@id":"https:\/\/blogdoere.com.br\/#\/schema\/person\/c4f6d566a44c7bacdda563667715d18b","name":"blogdoere@hotmail.com","image":{"@type":"ImageObject","inLanguage":"pt-PT","@id":"https:\/\/blogdoere.com.br\/#\/schema\/person\/image\/","url":"https:\/\/secure.gravatar.com\/avatar\/5684bd39df1289cb639b4ab539d6fcad69420e4a29521548fc078c58ed122fe6?s=96&d=mm&r=g","contentUrl":"https:\/\/secure.gravatar.com\/avatar\/5684bd39df1289cb639b4ab539d6fcad69420e4a29521548fc078c58ed122fe6?s=96&d=mm&r=g","caption":"blogdoere@hotmail.com"},"sameAs":["http:\/\/blogdoere.com.br"]}]}},"featured_image_urls":{"full":["https:\/\/blogdoere.com.br\/wp-content\/uploads\/2025\/04\/IMG-20250416-WA0051.jpg",640,640,false],"thumbnail":["https:\/\/blogdoere.com.br\/wp-content\/uploads\/2025\/04\/IMG-20250416-WA0051-150x150.jpg",150,150,true],"medium":["https:\/\/blogdoere.com.br\/wp-content\/uploads\/2025\/04\/IMG-20250416-WA0051-300x300.jpg",300,300,true],"medium_large":["https:\/\/blogdoere.com.br\/wp-content\/uploads\/2025\/04\/IMG-20250416-WA0051.jpg",640,640,false],"large":["https:\/\/blogdoere.com.br\/wp-content\/uploads\/2025\/04\/IMG-20250416-WA0051.jpg",640,640,false],"1536x1536":["https:\/\/blogdoere.com.br\/wp-content\/uploads\/2025\/04\/IMG-20250416-WA0051.jpg",640,640,false],"2048x2048":["https:\/\/blogdoere.com.br\/wp-content\/uploads\/2025\/04\/IMG-20250416-WA0051.jpg",640,640,false]},"author_info":{"display_name":"blogdoere@hotmail.com","author_link":"https:\/\/blogdoere.com.br\/?author=1"},"category_info":"<a href=\"https:\/\/blogdoere.com.br\/?cat=37\" rel=\"category\">Cultura<\/a>","tag_info":"Cultura","comment_count":"0","_links":{"self":[{"href":"https:\/\/blogdoere.com.br\/index.php?rest_route=\/wp\/v2\/posts\/29042","targetHints":{"allow":["GET"]}}],"collection":[{"href":"https:\/\/blogdoere.com.br\/index.php?rest_route=\/wp\/v2\/posts"}],"about":[{"href":"https:\/\/blogdoere.com.br\/index.php?rest_route=\/wp\/v2\/types\/post"}],"author":[{"embeddable":true,"href":"https:\/\/blogdoere.com.br\/index.php?rest_route=\/wp\/v2\/users\/1"}],"replies":[{"embeddable":true,"href":"https:\/\/blogdoere.com.br\/index.php?rest_route=%2Fwp%2Fv2%2Fcomments&post=29042"}],"version-history":[{"count":4,"href":"https:\/\/blogdoere.com.br\/index.php?rest_route=\/wp\/v2\/posts\/29042\/revisions"}],"predecessor-version":[{"id":29053,"href":"https:\/\/blogdoere.com.br\/index.php?rest_route=\/wp\/v2\/posts\/29042\/revisions\/29053"}],"wp:featuredmedia":[{"embeddable":true,"href":"https:\/\/blogdoere.com.br\/index.php?rest_route=\/wp\/v2\/media\/29043"}],"wp:attachment":[{"href":"https:\/\/blogdoere.com.br\/index.php?rest_route=%2Fwp%2Fv2%2Fmedia&parent=29042"}],"wp:term":[{"taxonomy":"category","embeddable":true,"href":"https:\/\/blogdoere.com.br\/index.php?rest_route=%2Fwp%2Fv2%2Fcategories&post=29042"},{"taxonomy":"post_tag","embeddable":true,"href":"https:\/\/blogdoere.com.br\/index.php?rest_route=%2Fwp%2Fv2%2Ftags&post=29042"}],"curies":[{"name":"wp","href":"https:\/\/api.w.org\/{rel}","templated":true}]}}