{"id":29065,"date":"2025-04-25T19:10:01","date_gmt":"2025-04-25T19:10:01","guid":{"rendered":"https:\/\/blogdoere.com.br\/?p=29065"},"modified":"2025-04-26T01:19:35","modified_gmt":"2025-04-26T01:19:35","slug":"prefeito-leo-realiza-visita-tecnica-e-anuncia-entrega-de-unidade-de-saude-da-familia","status":"publish","type":"post","link":"https:\/\/blogdoere.com.br\/?p=29065","title":{"rendered":"Itaju\u00edpe:Prefeito L\u00e9o realiza visita t\u00e9cnica e anuncia entrega de Unidade de Sa\u00fade da Fam\u00edlia"},"content":{"rendered":"\n<figure class=\"wp-block-image size-large\"><img decoding=\"async\" width=\"1024\" height=\"949\" src=\"https:\/\/blogdoere.com.br\/wp-content\/uploads\/2025\/04\/IMG-20250425-WA0143-1024x949.jpg\" alt=\"\" class=\"wp-image-29066\" srcset=\"https:\/\/blogdoere.com.br\/wp-content\/uploads\/2025\/04\/IMG-20250425-WA0143-1024x949.jpg 1024w, https:\/\/blogdoere.com.br\/wp-content\/uploads\/2025\/04\/IMG-20250425-WA0143-300x278.jpg 300w, https:\/\/blogdoere.com.br\/wp-content\/uploads\/2025\/04\/IMG-20250425-WA0143-768x712.jpg 768w, https:\/\/blogdoere.com.br\/wp-content\/uploads\/2025\/04\/IMG-20250425-WA0143.jpg 1080w\" sizes=\"(max-width: 1024px) 100vw, 1024px\" \/><figcaption class=\"wp-element-caption\"><strong>Prefeito L\u00e9o da Capoeira<\/strong><\/figcaption><\/figure>\n\n\n\n<p>Na \u00faltima quinta-feira, 24 de abril, o prefeito L\u00e9o da Capoeira (Avante), realizou uma visita t\u00e9cnica a importantes obras em andamento no munic\u00edpio. Durante a visita, o prefeito destacou um investimento de R$ 500 mil destinado \u00e0 revitaliza\u00e7\u00e3o de pontos cr\u00edticos nas estradas vicinais, com \u00eanfase na regi\u00e3o da Nova Vida.<\/p>\n\n\n\n<p>Al\u00e9m da melhoria nas estradas, o prefeito tamb\u00e9m inspecionou as obras de saneamento b\u00e1sico e pavimenta\u00e7\u00e3o no distrito de Ruinha de S\u00e3o Crist\u00f3v\u00e3o, refor\u00e7ando o compromisso da administra\u00e7\u00e3o com o desenvolvimento da infraestrutura local. <\/p>\n\n\n\n<p>L\u00e9o da Capoeira aproveitou a oportunidade para anunciar a entrega, ainda este m\u00eas, da Unidade de Sa\u00fade da Fam\u00edlia no bairro Jos\u00e9 de Anchieta, Pitangueira. A unidade, que passou por reformas significativas, contar\u00e1 com uma estrutura adequada para atender toda a comunidade, melhorando assim o acesso \u00e0 sa\u00fade para os moradores da regi\u00e3o.<\/p>\n\n\n\n<p>A visita e os an\u00fancios feitos pelo prefeito refletem esfor\u00e7os cont\u00ednuos da gest\u00e3o em promover melhorias na qualidade de vida da popula\u00e7\u00e3o e em atender \u00e0s demandas locais.<\/p>\n","protected":false},"excerpt":{"rendered":"<p>Na \u00faltima quinta-feira, 24 de abril, o prefeito L\u00e9o da Capoeira (Avante), realizou uma visita t\u00e9cnica a importantes obras em andamento no munic\u00edpio. Durante a visita, o prefeito destacou um&#8230;<\/p>\n","protected":false},"author":1,"featured_media":29066,"comment_status":"open","ping_status":"open","sticky":false,"template":"","format":"standard","meta":{"_editorskit_title_hidden":false,"_editorskit_reading_time":0,"_editorskit_is_block_options_detached":false,"_editorskit_block_options_position":"{}","om_disable_all_campaigns":false,"_mi_skip_tracking":false,"_kad_post_transparent":"","_kad_post_title":"","_kad_post_layout":"","_kad_post_sidebar_id":"","_kad_post_content_style":"","_kad_post_vertical_padding":"","_kad_post_feature":"","_kad_post_feature_position":"","_kad_post_header":false,"_kad_post_footer":false,"footnotes":""},"categories":[69],"tags":[42,80,41],"class_list":["post-29065","post","type-post","status-publish","format-standard","has-post-thumbnail","hentry","category-saude-2","tag-bahia","tag-itajuipe","tag-saude"],"yoast_head":"<!-- This site is optimized with the Yoast SEO plugin v20.5 - https:\/\/yoast.com\/wordpress\/plugins\/seo\/ -->\n<title>Itaju\u00edpe:Prefeito L\u00e9o realiza visita t\u00e9cnica e anuncia entrega de Unidade de Sa\u00fade da Fam\u00edlia - blog do er\u00ea<\/title>\n<meta name=\"robots\" content=\"index, follow, max-snippet:-1, max-image-preview:large, max-video-preview:-1\" \/>\n<link rel=\"canonical\" href=\"https:\/\/blogdoere.com.br\/?p=29065\" \/>\n<meta property=\"og:locale\" content=\"pt_PT\" \/>\n<meta property=\"og:type\" content=\"article\" \/>\n<meta property=\"og:title\" content=\"Itaju\u00edpe:Prefeito L\u00e9o realiza visita t\u00e9cnica e anuncia entrega de Unidade de Sa\u00fade da Fam\u00edlia - blog do er\u00ea\" \/>\n<meta property=\"og:description\" content=\"Na \u00faltima quinta-feira, 24 de abril, o prefeito L\u00e9o da Capoeira (Avante), realizou uma visita t\u00e9cnica a importantes obras em andamento no munic\u00edpio. Durante a visita, o prefeito destacou um...\" \/>\n<meta property=\"og:url\" content=\"https:\/\/blogdoere.com.br\/?p=29065\" \/>\n<meta property=\"og:site_name\" content=\"blog do er\u00ea\" \/>\n<meta property=\"article:published_time\" content=\"2025-04-25T19:10:01+00:00\" \/>\n<meta property=\"article:modified_time\" content=\"2025-04-26T01:19:35+00:00\" \/>\n<meta property=\"og:image\" content=\"https:\/\/blogdoere.com.br\/wp-content\/uploads\/2025\/04\/IMG-20250425-WA0143.jpg\" \/>\n\t<meta property=\"og:image:width\" content=\"1080\" \/>\n\t<meta property=\"og:image:height\" content=\"1001\" \/>\n\t<meta property=\"og:image:type\" content=\"image\/jpeg\" \/>\n<meta name=\"author\" content=\"blogdoere@hotmail.com\" \/>\n<meta name=\"twitter:card\" content=\"summary_large_image\" \/>\n<meta name=\"twitter:label1\" content=\"Escrito por\" \/>\n\t<meta name=\"twitter:data1\" content=\"blogdoere@hotmail.com\" \/>\n\t<meta name=\"twitter:label2\" content=\"Tempo estimado de leitura\" \/>\n\t<meta name=\"twitter:data2\" content=\"2 minutos\" \/>\n<script type=\"application\/ld+json\" class=\"yoast-schema-graph\">{\"@context\":\"https:\/\/schema.org\",\"@graph\":[{\"@type\":\"Article\",\"@id\":\"https:\/\/blogdoere.com.br\/?p=29065#article\",\"isPartOf\":{\"@id\":\"https:\/\/blogdoere.com.br\/?p=29065\"},\"author\":{\"name\":\"blogdoere@hotmail.com\",\"@id\":\"https:\/\/blogdoere.com.br\/#\/schema\/person\/c4f6d566a44c7bacdda563667715d18b\"},\"headline\":\"Itaju\u00edpe:Prefeito L\u00e9o realiza visita t\u00e9cnica e anuncia entrega de Unidade de Sa\u00fade da Fam\u00edlia\",\"datePublished\":\"2025-04-25T19:10:01+00:00\",\"dateModified\":\"2025-04-26T01:19:35+00:00\",\"mainEntityOfPage\":{\"@id\":\"https:\/\/blogdoere.com.br\/?p=29065\"},\"wordCount\":213,\"commentCount\":0,\"publisher\":{\"@id\":\"https:\/\/blogdoere.com.br\/#organization\"},\"keywords\":[\"Bahia\",\"itajuipe\",\"Sa\u00fade\"],\"articleSection\":[\"Sa\u00fade\"],\"inLanguage\":\"pt-PT\",\"potentialAction\":[{\"@type\":\"CommentAction\",\"name\":\"Comment\",\"target\":[\"https:\/\/blogdoere.com.br\/?p=29065#respond\"]}]},{\"@type\":\"WebPage\",\"@id\":\"https:\/\/blogdoere.com.br\/?p=29065\",\"url\":\"https:\/\/blogdoere.com.br\/?p=29065\",\"name\":\"Itaju\u00edpe:Prefeito L\u00e9o realiza visita t\u00e9cnica e anuncia entrega de Unidade de Sa\u00fade da Fam\u00edlia - blog do er\u00ea\",\"isPartOf\":{\"@id\":\"https:\/\/blogdoere.com.br\/#website\"},\"datePublished\":\"2025-04-25T19:10:01+00:00\",\"dateModified\":\"2025-04-26T01:19:35+00:00\",\"breadcrumb\":{\"@id\":\"https:\/\/blogdoere.com.br\/?p=29065#breadcrumb\"},\"inLanguage\":\"pt-PT\",\"potentialAction\":[{\"@type\":\"ReadAction\",\"target\":[\"https:\/\/blogdoere.com.br\/?p=29065\"]}]},{\"@type\":\"BreadcrumbList\",\"@id\":\"https:\/\/blogdoere.com.br\/?p=29065#breadcrumb\",\"itemListElement\":[{\"@type\":\"ListItem\",\"position\":1,\"name\":\"In\u00edcio\",\"item\":\"https:\/\/blogdoere.com.br\/\"},{\"@type\":\"ListItem\",\"position\":2,\"name\":\"Itaju\u00edpe:Prefeito L\u00e9o realiza visita t\u00e9cnica e anuncia entrega de Unidade de Sa\u00fade da Fam\u00edlia\"}]},{\"@type\":\"WebSite\",\"@id\":\"https:\/\/blogdoere.com.br\/#website\",\"url\":\"https:\/\/blogdoere.com.br\/\",\"name\":\"blog do er\u00ea\",\"description\":\"\",\"publisher\":{\"@id\":\"https:\/\/blogdoere.com.br\/#organization\"},\"potentialAction\":[{\"@type\":\"SearchAction\",\"target\":{\"@type\":\"EntryPoint\",\"urlTemplate\":\"https:\/\/blogdoere.com.br\/?s={search_term_string}\"},\"query-input\":\"required name=search_term_string\"}],\"inLanguage\":\"pt-PT\"},{\"@type\":\"Organization\",\"@id\":\"https:\/\/blogdoere.com.br\/#organization\",\"name\":\"Blog do Er\u00ea\",\"url\":\"https:\/\/blogdoere.com.br\/\",\"logo\":{\"@type\":\"ImageObject\",\"inLanguage\":\"pt-PT\",\"@id\":\"https:\/\/blogdoere.com.br\/#\/schema\/logo\/image\/\",\"url\":\"https:\/\/blogdoere.com.br\/wp-content\/uploads\/2021\/11\/Logo-Ere-1.png\",\"contentUrl\":\"https:\/\/blogdoere.com.br\/wp-content\/uploads\/2021\/11\/Logo-Ere-1.png\",\"width\":1261,\"height\":1330,\"caption\":\"Blog do Er\u00ea\"},\"image\":{\"@id\":\"https:\/\/blogdoere.com.br\/#\/schema\/logo\/image\/\"}},{\"@type\":\"Person\",\"@id\":\"https:\/\/blogdoere.com.br\/#\/schema\/person\/c4f6d566a44c7bacdda563667715d18b\",\"name\":\"blogdoere@hotmail.com\",\"image\":{\"@type\":\"ImageObject\",\"inLanguage\":\"pt-PT\",\"@id\":\"https:\/\/blogdoere.com.br\/#\/schema\/person\/image\/\",\"url\":\"https:\/\/secure.gravatar.com\/avatar\/5684bd39df1289cb639b4ab539d6fcad69420e4a29521548fc078c58ed122fe6?s=96&d=mm&r=g\",\"contentUrl\":\"https:\/\/secure.gravatar.com\/avatar\/5684bd39df1289cb639b4ab539d6fcad69420e4a29521548fc078c58ed122fe6?s=96&d=mm&r=g\",\"caption\":\"blogdoere@hotmail.com\"},\"sameAs\":[\"http:\/\/blogdoere.com.br\"]}]}<\/script>\n<!-- \/ Yoast SEO plugin. -->","yoast_head_json":{"title":"Itaju\u00edpe:Prefeito L\u00e9o realiza visita t\u00e9cnica e anuncia entrega de Unidade de Sa\u00fade da Fam\u00edlia - blog do er\u00ea","robots":{"index":"index","follow":"follow","max-snippet":"max-snippet:-1","max-image-preview":"max-image-preview:large","max-video-preview":"max-video-preview:-1"},"canonical":"https:\/\/blogdoere.com.br\/?p=29065","og_locale":"pt_PT","og_type":"article","og_title":"Itaju\u00edpe:Prefeito L\u00e9o realiza visita t\u00e9cnica e anuncia entrega de Unidade de Sa\u00fade da Fam\u00edlia - blog do er\u00ea","og_description":"Na \u00faltima quinta-feira, 24 de abril, o prefeito L\u00e9o da Capoeira (Avante), realizou uma visita t\u00e9cnica a importantes obras em andamento no munic\u00edpio. Durante a visita, o prefeito destacou um...","og_url":"https:\/\/blogdoere.com.br\/?p=29065","og_site_name":"blog do er\u00ea","article_published_time":"2025-04-25T19:10:01+00:00","article_modified_time":"2025-04-26T01:19:35+00:00","og_image":[{"width":1080,"height":1001,"url":"https:\/\/blogdoere.com.br\/wp-content\/uploads\/2025\/04\/IMG-20250425-WA0143.jpg","type":"image\/jpeg"}],"author":"blogdoere@hotmail.com","twitter_card":"summary_large_image","twitter_misc":{"Escrito por":"blogdoere@hotmail.com","Tempo estimado de leitura":"2 minutos"},"schema":{"@context":"https:\/\/schema.org","@graph":[{"@type":"Article","@id":"https:\/\/blogdoere.com.br\/?p=29065#article","isPartOf":{"@id":"https:\/\/blogdoere.com.br\/?p=29065"},"author":{"name":"blogdoere@hotmail.com","@id":"https:\/\/blogdoere.com.br\/#\/schema\/person\/c4f6d566a44c7bacdda563667715d18b"},"headline":"Itaju\u00edpe:Prefeito L\u00e9o realiza visita t\u00e9cnica e anuncia entrega de Unidade de Sa\u00fade da Fam\u00edlia","datePublished":"2025-04-25T19:10:01+00:00","dateModified":"2025-04-26T01:19:35+00:00","mainEntityOfPage":{"@id":"https:\/\/blogdoere.com.br\/?p=29065"},"wordCount":213,"commentCount":0,"publisher":{"@id":"https:\/\/blogdoere.com.br\/#organization"},"keywords":["Bahia","itajuipe","Sa\u00fade"],"articleSection":["Sa\u00fade"],"inLanguage":"pt-PT","potentialAction":[{"@type":"CommentAction","name":"Comment","target":["https:\/\/blogdoere.com.br\/?p=29065#respond"]}]},{"@type":"WebPage","@id":"https:\/\/blogdoere.com.br\/?p=29065","url":"https:\/\/blogdoere.com.br\/?p=29065","name":"Itaju\u00edpe:Prefeito L\u00e9o realiza visita t\u00e9cnica e anuncia entrega de Unidade de Sa\u00fade da Fam\u00edlia - blog do er\u00ea","isPartOf":{"@id":"https:\/\/blogdoere.com.br\/#website"},"datePublished":"2025-04-25T19:10:01+00:00","dateModified":"2025-04-26T01:19:35+00:00","breadcrumb":{"@id":"https:\/\/blogdoere.com.br\/?p=29065#breadcrumb"},"inLanguage":"pt-PT","potentialAction":[{"@type":"ReadAction","target":["https:\/\/blogdoere.com.br\/?p=29065"]}]},{"@type":"BreadcrumbList","@id":"https:\/\/blogdoere.com.br\/?p=29065#breadcrumb","itemListElement":[{"@type":"ListItem","position":1,"name":"In\u00edcio","item":"https:\/\/blogdoere.com.br\/"},{"@type":"ListItem","position":2,"name":"Itaju\u00edpe:Prefeito L\u00e9o realiza visita t\u00e9cnica e anuncia entrega de Unidade de Sa\u00fade da Fam\u00edlia"}]},{"@type":"WebSite","@id":"https:\/\/blogdoere.com.br\/#website","url":"https:\/\/blogdoere.com.br\/","name":"blog do er\u00ea","description":"","publisher":{"@id":"https:\/\/blogdoere.com.br\/#organization"},"potentialAction":[{"@type":"SearchAction","target":{"@type":"EntryPoint","urlTemplate":"https:\/\/blogdoere.com.br\/?s={search_term_string}"},"query-input":"required name=search_term_string"}],"inLanguage":"pt-PT"},{"@type":"Organization","@id":"https:\/\/blogdoere.com.br\/#organization","name":"Blog do Er\u00ea","url":"https:\/\/blogdoere.com.br\/","logo":{"@type":"ImageObject","inLanguage":"pt-PT","@id":"https:\/\/blogdoere.com.br\/#\/schema\/logo\/image\/","url":"https:\/\/blogdoere.com.br\/wp-content\/uploads\/2021\/11\/Logo-Ere-1.png","contentUrl":"https:\/\/blogdoere.com.br\/wp-content\/uploads\/2021\/11\/Logo-Ere-1.png","width":1261,"height":1330,"caption":"Blog do Er\u00ea"},"image":{"@id":"https:\/\/blogdoere.com.br\/#\/schema\/logo\/image\/"}},{"@type":"Person","@id":"https:\/\/blogdoere.com.br\/#\/schema\/person\/c4f6d566a44c7bacdda563667715d18b","name":"blogdoere@hotmail.com","image":{"@type":"ImageObject","inLanguage":"pt-PT","@id":"https:\/\/blogdoere.com.br\/#\/schema\/person\/image\/","url":"https:\/\/secure.gravatar.com\/avatar\/5684bd39df1289cb639b4ab539d6fcad69420e4a29521548fc078c58ed122fe6?s=96&d=mm&r=g","contentUrl":"https:\/\/secure.gravatar.com\/avatar\/5684bd39df1289cb639b4ab539d6fcad69420e4a29521548fc078c58ed122fe6?s=96&d=mm&r=g","caption":"blogdoere@hotmail.com"},"sameAs":["http:\/\/blogdoere.com.br"]}]}},"featured_image_urls":{"full":["https:\/\/blogdoere.com.br\/wp-content\/uploads\/2025\/04\/IMG-20250425-WA0143.jpg",1080,1001,false],"thumbnail":["https:\/\/blogdoere.com.br\/wp-content\/uploads\/2025\/04\/IMG-20250425-WA0143-150x150.jpg",150,150,true],"medium":["https:\/\/blogdoere.com.br\/wp-content\/uploads\/2025\/04\/IMG-20250425-WA0143-300x278.jpg",300,278,true],"medium_large":["https:\/\/blogdoere.com.br\/wp-content\/uploads\/2025\/04\/IMG-20250425-WA0143-768x712.jpg",768,712,true],"large":["https:\/\/blogdoere.com.br\/wp-content\/uploads\/2025\/04\/IMG-20250425-WA0143-1024x949.jpg",1024,949,true],"1536x1536":["https:\/\/blogdoere.com.br\/wp-content\/uploads\/2025\/04\/IMG-20250425-WA0143.jpg",1080,1001,false],"2048x2048":["https:\/\/blogdoere.com.br\/wp-content\/uploads\/2025\/04\/IMG-20250425-WA0143.jpg",1080,1001,false]},"author_info":{"display_name":"blogdoere@hotmail.com","author_link":"https:\/\/blogdoere.com.br\/?author=1"},"category_info":"<a href=\"https:\/\/blogdoere.com.br\/?cat=69\" rel=\"category\">Sa\u00fade<\/a>","tag_info":"Sa\u00fade","comment_count":"0","_links":{"self":[{"href":"https:\/\/blogdoere.com.br\/index.php?rest_route=\/wp\/v2\/posts\/29065","targetHints":{"allow":["GET"]}}],"collection":[{"href":"https:\/\/blogdoere.com.br\/index.php?rest_route=\/wp\/v2\/posts"}],"about":[{"href":"https:\/\/blogdoere.com.br\/index.php?rest_route=\/wp\/v2\/types\/post"}],"author":[{"embeddable":true,"href":"https:\/\/blogdoere.com.br\/index.php?rest_route=\/wp\/v2\/users\/1"}],"replies":[{"embeddable":true,"href":"https:\/\/blogdoere.com.br\/index.php?rest_route=%2Fwp%2Fv2%2Fcomments&post=29065"}],"version-history":[{"count":4,"href":"https:\/\/blogdoere.com.br\/index.php?rest_route=\/wp\/v2\/posts\/29065\/revisions"}],"predecessor-version":[{"id":29077,"href":"https:\/\/blogdoere.com.br\/index.php?rest_route=\/wp\/v2\/posts\/29065\/revisions\/29077"}],"wp:featuredmedia":[{"embeddable":true,"href":"https:\/\/blogdoere.com.br\/index.php?rest_route=\/wp\/v2\/media\/29066"}],"wp:attachment":[{"href":"https:\/\/blogdoere.com.br\/index.php?rest_route=%2Fwp%2Fv2%2Fmedia&parent=29065"}],"wp:term":[{"taxonomy":"category","embeddable":true,"href":"https:\/\/blogdoere.com.br\/index.php?rest_route=%2Fwp%2Fv2%2Fcategories&post=29065"},{"taxonomy":"post_tag","embeddable":true,"href":"https:\/\/blogdoere.com.br\/index.php?rest_route=%2Fwp%2Fv2%2Ftags&post=29065"}],"curies":[{"name":"wp","href":"https:\/\/api.w.org\/{rel}","templated":true}]}}