{"id":29086,"date":"2025-04-29T22:33:16","date_gmt":"2025-04-29T22:33:16","guid":{"rendered":"https:\/\/blogdoere.com.br\/?p=29086"},"modified":"2025-04-29T23:00:33","modified_gmt":"2025-04-29T23:00:33","slug":"prefeito-leo-da-capoeira-recebe-equipamentos-para-a-ufs-da-pitangueira","status":"publish","type":"post","link":"https:\/\/blogdoere.com.br\/?p=29086","title":{"rendered":"Prefeito L\u00e9o da Capoeira recebe equipamentos para a UFS da Pitangueiras"},"content":{"rendered":"\n<figure class=\"wp-block-image size-large\"><img decoding=\"async\" width=\"1024\" height=\"910\" src=\"https:\/\/blogdoere.com.br\/wp-content\/uploads\/2025\/04\/IMG-20250429-WA0115-1024x910.jpg\" alt=\"\" class=\"wp-image-29087\" srcset=\"https:\/\/blogdoere.com.br\/wp-content\/uploads\/2025\/04\/IMG-20250429-WA0115-1024x910.jpg 1024w, https:\/\/blogdoere.com.br\/wp-content\/uploads\/2025\/04\/IMG-20250429-WA0115-300x267.jpg 300w, https:\/\/blogdoere.com.br\/wp-content\/uploads\/2025\/04\/IMG-20250429-WA0115-768x683.jpg 768w, https:\/\/blogdoere.com.br\/wp-content\/uploads\/2025\/04\/IMG-20250429-WA0115.jpg 1080w\" sizes=\"(max-width: 1024px) 100vw, 1024px\" \/><figcaption class=\"wp-element-caption\"><strong>Deputado Niltinho, secret\u00e1ria Roberta, prefeito L\u00e9o<\/strong><\/figcaption><\/figure>\n\n\n\n<p>Nesta ter\u00e7a-feira, 29 de abril, o prefeito L\u00e9o da Capoeira (Avante), participou de uma reuni\u00e3o na Secretaria de Sa\u00fade da Bahia (SESAB), onde recebeu da secret\u00e1ria de Sa\u00fade, Roberta Santana, novos equipamentos destinados \u00e0 Unidade de Sa\u00fade da Fam\u00edlia (UFS) da comunidade de Pitangueiras.<\/p>\n\n\n\n<p>O evento contou com a presen\u00e7a do deputado estadual Niltinho, que acompanhou o prefeito. Em seu discurso, L\u00e9o expressou sua gratid\u00e3o \u00e0 secret\u00e1ria, ao deputado e, em especial, ao governador Jer\u00f4nimo Rodrigues, destacando a import\u00e2ncia da iniciativa para o munic\u00edpio. \u201cEsses equipamentos v\u00e3o oferecer mais cuidado, dignidade e qualidade de vida \u00e0 nossa popula\u00e7\u00e3o\u201d, afirmou o prefeito, ressaltando o compromisso da gest\u00e3o com a sa\u00fade p\u00fablica.<\/p>\n\n\n\n<p>A UFS da comunidade de S\u00e3o Sebasti\u00e3o, localizada em Pitangueiras, est\u00e1 passando por um processo de revitaliza\u00e7\u00e3o total, com o objetivo de melhorar o atendimento \u00e0 popula\u00e7\u00e3o local. A moderniza\u00e7\u00e3o da unidade visa garantir um servi\u00e7o de sa\u00fade mais eficiente e acolhedor para os habitantes da comunidade, refletindo o empenho da administra\u00e7\u00e3o em promover o bem-estar social.<\/p>\n","protected":false},"excerpt":{"rendered":"<p>Nesta ter\u00e7a-feira, 29 de abril, o prefeito L\u00e9o da Capoeira (Avante), participou de uma reuni\u00e3o na Secretaria de Sa\u00fade da Bahia (SESAB), onde recebeu da secret\u00e1ria de Sa\u00fade, Roberta Santana,&#8230;<\/p>\n","protected":false},"author":1,"featured_media":29087,"comment_status":"open","ping_status":"open","sticky":false,"template":"","format":"standard","meta":{"_editorskit_title_hidden":false,"_editorskit_reading_time":0,"_editorskit_is_block_options_detached":false,"_editorskit_block_options_position":"{}","om_disable_all_campaigns":false,"_mi_skip_tracking":false,"_kad_post_transparent":"","_kad_post_title":"","_kad_post_layout":"","_kad_post_sidebar_id":"","_kad_post_content_style":"","_kad_post_vertical_padding":"","_kad_post_feature":"","_kad_post_feature_position":"","_kad_post_header":false,"_kad_post_footer":false,"footnotes":""},"categories":[69],"tags":[42,80,41],"class_list":["post-29086","post","type-post","status-publish","format-standard","has-post-thumbnail","hentry","category-saude-2","tag-bahia","tag-itajuipe","tag-saude"],"yoast_head":"<!-- This site is optimized with the Yoast SEO plugin v20.5 - https:\/\/yoast.com\/wordpress\/plugins\/seo\/ -->\n<title>Prefeito L\u00e9o da Capoeira recebe equipamentos para a UFS da Pitangueiras - blog do er\u00ea<\/title>\n<meta name=\"robots\" content=\"index, follow, max-snippet:-1, max-image-preview:large, max-video-preview:-1\" \/>\n<link rel=\"canonical\" href=\"https:\/\/blogdoere.com.br\/?p=29086\" \/>\n<meta property=\"og:locale\" content=\"pt_PT\" \/>\n<meta property=\"og:type\" content=\"article\" \/>\n<meta property=\"og:title\" content=\"Prefeito L\u00e9o da Capoeira recebe equipamentos para a UFS da Pitangueiras - blog do er\u00ea\" \/>\n<meta property=\"og:description\" content=\"Nesta ter\u00e7a-feira, 29 de abril, o prefeito L\u00e9o da Capoeira (Avante), participou de uma reuni\u00e3o na Secretaria de Sa\u00fade da Bahia (SESAB), onde recebeu da secret\u00e1ria de Sa\u00fade, Roberta Santana,...\" \/>\n<meta property=\"og:url\" content=\"https:\/\/blogdoere.com.br\/?p=29086\" \/>\n<meta property=\"og:site_name\" content=\"blog do er\u00ea\" \/>\n<meta property=\"article:published_time\" content=\"2025-04-29T22:33:16+00:00\" \/>\n<meta property=\"article:modified_time\" content=\"2025-04-29T23:00:33+00:00\" \/>\n<meta property=\"og:image\" content=\"https:\/\/blogdoere.com.br\/wp-content\/uploads\/2025\/04\/IMG-20250429-WA0115.jpg\" \/>\n\t<meta property=\"og:image:width\" content=\"1080\" \/>\n\t<meta property=\"og:image:height\" content=\"960\" \/>\n\t<meta property=\"og:image:type\" content=\"image\/jpeg\" \/>\n<meta name=\"author\" content=\"blogdoere@hotmail.com\" \/>\n<meta name=\"twitter:card\" content=\"summary_large_image\" \/>\n<meta name=\"twitter:label1\" content=\"Escrito por\" \/>\n\t<meta name=\"twitter:data1\" content=\"blogdoere@hotmail.com\" \/>\n\t<meta name=\"twitter:label2\" content=\"Tempo estimado de leitura\" \/>\n\t<meta name=\"twitter:data2\" content=\"2 minutos\" \/>\n<script type=\"application\/ld+json\" class=\"yoast-schema-graph\">{\"@context\":\"https:\/\/schema.org\",\"@graph\":[{\"@type\":\"Article\",\"@id\":\"https:\/\/blogdoere.com.br\/?p=29086#article\",\"isPartOf\":{\"@id\":\"https:\/\/blogdoere.com.br\/?p=29086\"},\"author\":{\"name\":\"blogdoere@hotmail.com\",\"@id\":\"https:\/\/blogdoere.com.br\/#\/schema\/person\/c4f6d566a44c7bacdda563667715d18b\"},\"headline\":\"Prefeito L\u00e9o da Capoeira recebe equipamentos para a UFS da Pitangueiras\",\"datePublished\":\"2025-04-29T22:33:16+00:00\",\"dateModified\":\"2025-04-29T23:00:33+00:00\",\"mainEntityOfPage\":{\"@id\":\"https:\/\/blogdoere.com.br\/?p=29086\"},\"wordCount\":210,\"commentCount\":0,\"publisher\":{\"@id\":\"https:\/\/blogdoere.com.br\/#organization\"},\"keywords\":[\"Bahia\",\"itajuipe\",\"Sa\u00fade\"],\"articleSection\":[\"Sa\u00fade\"],\"inLanguage\":\"pt-PT\",\"potentialAction\":[{\"@type\":\"CommentAction\",\"name\":\"Comment\",\"target\":[\"https:\/\/blogdoere.com.br\/?p=29086#respond\"]}]},{\"@type\":\"WebPage\",\"@id\":\"https:\/\/blogdoere.com.br\/?p=29086\",\"url\":\"https:\/\/blogdoere.com.br\/?p=29086\",\"name\":\"Prefeito L\u00e9o da Capoeira recebe equipamentos para a UFS da Pitangueiras - blog do er\u00ea\",\"isPartOf\":{\"@id\":\"https:\/\/blogdoere.com.br\/#website\"},\"datePublished\":\"2025-04-29T22:33:16+00:00\",\"dateModified\":\"2025-04-29T23:00:33+00:00\",\"breadcrumb\":{\"@id\":\"https:\/\/blogdoere.com.br\/?p=29086#breadcrumb\"},\"inLanguage\":\"pt-PT\",\"potentialAction\":[{\"@type\":\"ReadAction\",\"target\":[\"https:\/\/blogdoere.com.br\/?p=29086\"]}]},{\"@type\":\"BreadcrumbList\",\"@id\":\"https:\/\/blogdoere.com.br\/?p=29086#breadcrumb\",\"itemListElement\":[{\"@type\":\"ListItem\",\"position\":1,\"name\":\"In\u00edcio\",\"item\":\"https:\/\/blogdoere.com.br\/\"},{\"@type\":\"ListItem\",\"position\":2,\"name\":\"Prefeito L\u00e9o da Capoeira recebe equipamentos para a UFS da Pitangueiras\"}]},{\"@type\":\"WebSite\",\"@id\":\"https:\/\/blogdoere.com.br\/#website\",\"url\":\"https:\/\/blogdoere.com.br\/\",\"name\":\"blog do er\u00ea\",\"description\":\"\",\"publisher\":{\"@id\":\"https:\/\/blogdoere.com.br\/#organization\"},\"potentialAction\":[{\"@type\":\"SearchAction\",\"target\":{\"@type\":\"EntryPoint\",\"urlTemplate\":\"https:\/\/blogdoere.com.br\/?s={search_term_string}\"},\"query-input\":\"required name=search_term_string\"}],\"inLanguage\":\"pt-PT\"},{\"@type\":\"Organization\",\"@id\":\"https:\/\/blogdoere.com.br\/#organization\",\"name\":\"Blog do Er\u00ea\",\"url\":\"https:\/\/blogdoere.com.br\/\",\"logo\":{\"@type\":\"ImageObject\",\"inLanguage\":\"pt-PT\",\"@id\":\"https:\/\/blogdoere.com.br\/#\/schema\/logo\/image\/\",\"url\":\"https:\/\/blogdoere.com.br\/wp-content\/uploads\/2021\/11\/Logo-Ere-1.png\",\"contentUrl\":\"https:\/\/blogdoere.com.br\/wp-content\/uploads\/2021\/11\/Logo-Ere-1.png\",\"width\":1261,\"height\":1330,\"caption\":\"Blog do Er\u00ea\"},\"image\":{\"@id\":\"https:\/\/blogdoere.com.br\/#\/schema\/logo\/image\/\"}},{\"@type\":\"Person\",\"@id\":\"https:\/\/blogdoere.com.br\/#\/schema\/person\/c4f6d566a44c7bacdda563667715d18b\",\"name\":\"blogdoere@hotmail.com\",\"image\":{\"@type\":\"ImageObject\",\"inLanguage\":\"pt-PT\",\"@id\":\"https:\/\/blogdoere.com.br\/#\/schema\/person\/image\/\",\"url\":\"https:\/\/secure.gravatar.com\/avatar\/5684bd39df1289cb639b4ab539d6fcad69420e4a29521548fc078c58ed122fe6?s=96&d=mm&r=g\",\"contentUrl\":\"https:\/\/secure.gravatar.com\/avatar\/5684bd39df1289cb639b4ab539d6fcad69420e4a29521548fc078c58ed122fe6?s=96&d=mm&r=g\",\"caption\":\"blogdoere@hotmail.com\"},\"sameAs\":[\"http:\/\/blogdoere.com.br\"]}]}<\/script>\n<!-- \/ Yoast SEO plugin. -->","yoast_head_json":{"title":"Prefeito L\u00e9o da Capoeira recebe equipamentos para a UFS da Pitangueiras - blog do er\u00ea","robots":{"index":"index","follow":"follow","max-snippet":"max-snippet:-1","max-image-preview":"max-image-preview:large","max-video-preview":"max-video-preview:-1"},"canonical":"https:\/\/blogdoere.com.br\/?p=29086","og_locale":"pt_PT","og_type":"article","og_title":"Prefeito L\u00e9o da Capoeira recebe equipamentos para a UFS da Pitangueiras - blog do er\u00ea","og_description":"Nesta ter\u00e7a-feira, 29 de abril, o prefeito L\u00e9o da Capoeira (Avante), participou de uma reuni\u00e3o na Secretaria de Sa\u00fade da Bahia (SESAB), onde recebeu da secret\u00e1ria de Sa\u00fade, Roberta Santana,...","og_url":"https:\/\/blogdoere.com.br\/?p=29086","og_site_name":"blog do er\u00ea","article_published_time":"2025-04-29T22:33:16+00:00","article_modified_time":"2025-04-29T23:00:33+00:00","og_image":[{"width":1080,"height":960,"url":"https:\/\/blogdoere.com.br\/wp-content\/uploads\/2025\/04\/IMG-20250429-WA0115.jpg","type":"image\/jpeg"}],"author":"blogdoere@hotmail.com","twitter_card":"summary_large_image","twitter_misc":{"Escrito por":"blogdoere@hotmail.com","Tempo estimado de leitura":"2 minutos"},"schema":{"@context":"https:\/\/schema.org","@graph":[{"@type":"Article","@id":"https:\/\/blogdoere.com.br\/?p=29086#article","isPartOf":{"@id":"https:\/\/blogdoere.com.br\/?p=29086"},"author":{"name":"blogdoere@hotmail.com","@id":"https:\/\/blogdoere.com.br\/#\/schema\/person\/c4f6d566a44c7bacdda563667715d18b"},"headline":"Prefeito L\u00e9o da Capoeira recebe equipamentos para a UFS da Pitangueiras","datePublished":"2025-04-29T22:33:16+00:00","dateModified":"2025-04-29T23:00:33+00:00","mainEntityOfPage":{"@id":"https:\/\/blogdoere.com.br\/?p=29086"},"wordCount":210,"commentCount":0,"publisher":{"@id":"https:\/\/blogdoere.com.br\/#organization"},"keywords":["Bahia","itajuipe","Sa\u00fade"],"articleSection":["Sa\u00fade"],"inLanguage":"pt-PT","potentialAction":[{"@type":"CommentAction","name":"Comment","target":["https:\/\/blogdoere.com.br\/?p=29086#respond"]}]},{"@type":"WebPage","@id":"https:\/\/blogdoere.com.br\/?p=29086","url":"https:\/\/blogdoere.com.br\/?p=29086","name":"Prefeito L\u00e9o da Capoeira recebe equipamentos para a UFS da Pitangueiras - blog do er\u00ea","isPartOf":{"@id":"https:\/\/blogdoere.com.br\/#website"},"datePublished":"2025-04-29T22:33:16+00:00","dateModified":"2025-04-29T23:00:33+00:00","breadcrumb":{"@id":"https:\/\/blogdoere.com.br\/?p=29086#breadcrumb"},"inLanguage":"pt-PT","potentialAction":[{"@type":"ReadAction","target":["https:\/\/blogdoere.com.br\/?p=29086"]}]},{"@type":"BreadcrumbList","@id":"https:\/\/blogdoere.com.br\/?p=29086#breadcrumb","itemListElement":[{"@type":"ListItem","position":1,"name":"In\u00edcio","item":"https:\/\/blogdoere.com.br\/"},{"@type":"ListItem","position":2,"name":"Prefeito L\u00e9o da Capoeira recebe equipamentos para a UFS da Pitangueiras"}]},{"@type":"WebSite","@id":"https:\/\/blogdoere.com.br\/#website","url":"https:\/\/blogdoere.com.br\/","name":"blog do er\u00ea","description":"","publisher":{"@id":"https:\/\/blogdoere.com.br\/#organization"},"potentialAction":[{"@type":"SearchAction","target":{"@type":"EntryPoint","urlTemplate":"https:\/\/blogdoere.com.br\/?s={search_term_string}"},"query-input":"required name=search_term_string"}],"inLanguage":"pt-PT"},{"@type":"Organization","@id":"https:\/\/blogdoere.com.br\/#organization","name":"Blog do Er\u00ea","url":"https:\/\/blogdoere.com.br\/","logo":{"@type":"ImageObject","inLanguage":"pt-PT","@id":"https:\/\/blogdoere.com.br\/#\/schema\/logo\/image\/","url":"https:\/\/blogdoere.com.br\/wp-content\/uploads\/2021\/11\/Logo-Ere-1.png","contentUrl":"https:\/\/blogdoere.com.br\/wp-content\/uploads\/2021\/11\/Logo-Ere-1.png","width":1261,"height":1330,"caption":"Blog do Er\u00ea"},"image":{"@id":"https:\/\/blogdoere.com.br\/#\/schema\/logo\/image\/"}},{"@type":"Person","@id":"https:\/\/blogdoere.com.br\/#\/schema\/person\/c4f6d566a44c7bacdda563667715d18b","name":"blogdoere@hotmail.com","image":{"@type":"ImageObject","inLanguage":"pt-PT","@id":"https:\/\/blogdoere.com.br\/#\/schema\/person\/image\/","url":"https:\/\/secure.gravatar.com\/avatar\/5684bd39df1289cb639b4ab539d6fcad69420e4a29521548fc078c58ed122fe6?s=96&d=mm&r=g","contentUrl":"https:\/\/secure.gravatar.com\/avatar\/5684bd39df1289cb639b4ab539d6fcad69420e4a29521548fc078c58ed122fe6?s=96&d=mm&r=g","caption":"blogdoere@hotmail.com"},"sameAs":["http:\/\/blogdoere.com.br"]}]}},"featured_image_urls":{"full":["https:\/\/blogdoere.com.br\/wp-content\/uploads\/2025\/04\/IMG-20250429-WA0115.jpg",1080,960,false],"thumbnail":["https:\/\/blogdoere.com.br\/wp-content\/uploads\/2025\/04\/IMG-20250429-WA0115-150x150.jpg",150,150,true],"medium":["https:\/\/blogdoere.com.br\/wp-content\/uploads\/2025\/04\/IMG-20250429-WA0115-300x267.jpg",300,267,true],"medium_large":["https:\/\/blogdoere.com.br\/wp-content\/uploads\/2025\/04\/IMG-20250429-WA0115-768x683.jpg",768,683,true],"large":["https:\/\/blogdoere.com.br\/wp-content\/uploads\/2025\/04\/IMG-20250429-WA0115-1024x910.jpg",1024,910,true],"1536x1536":["https:\/\/blogdoere.com.br\/wp-content\/uploads\/2025\/04\/IMG-20250429-WA0115.jpg",1080,960,false],"2048x2048":["https:\/\/blogdoere.com.br\/wp-content\/uploads\/2025\/04\/IMG-20250429-WA0115.jpg",1080,960,false]},"author_info":{"display_name":"blogdoere@hotmail.com","author_link":"https:\/\/blogdoere.com.br\/?author=1"},"category_info":"<a href=\"https:\/\/blogdoere.com.br\/?cat=69\" rel=\"category\">Sa\u00fade<\/a>","tag_info":"Sa\u00fade","comment_count":"0","_links":{"self":[{"href":"https:\/\/blogdoere.com.br\/index.php?rest_route=\/wp\/v2\/posts\/29086","targetHints":{"allow":["GET"]}}],"collection":[{"href":"https:\/\/blogdoere.com.br\/index.php?rest_route=\/wp\/v2\/posts"}],"about":[{"href":"https:\/\/blogdoere.com.br\/index.php?rest_route=\/wp\/v2\/types\/post"}],"author":[{"embeddable":true,"href":"https:\/\/blogdoere.com.br\/index.php?rest_route=\/wp\/v2\/users\/1"}],"replies":[{"embeddable":true,"href":"https:\/\/blogdoere.com.br\/index.php?rest_route=%2Fwp%2Fv2%2Fcomments&post=29086"}],"version-history":[{"count":5,"href":"https:\/\/blogdoere.com.br\/index.php?rest_route=\/wp\/v2\/posts\/29086\/revisions"}],"predecessor-version":[{"id":29100,"href":"https:\/\/blogdoere.com.br\/index.php?rest_route=\/wp\/v2\/posts\/29086\/revisions\/29100"}],"wp:featuredmedia":[{"embeddable":true,"href":"https:\/\/blogdoere.com.br\/index.php?rest_route=\/wp\/v2\/media\/29087"}],"wp:attachment":[{"href":"https:\/\/blogdoere.com.br\/index.php?rest_route=%2Fwp%2Fv2%2Fmedia&parent=29086"}],"wp:term":[{"taxonomy":"category","embeddable":true,"href":"https:\/\/blogdoere.com.br\/index.php?rest_route=%2Fwp%2Fv2%2Fcategories&post=29086"},{"taxonomy":"post_tag","embeddable":true,"href":"https:\/\/blogdoere.com.br\/index.php?rest_route=%2Fwp%2Fv2%2Ftags&post=29086"}],"curies":[{"name":"wp","href":"https:\/\/api.w.org\/{rel}","templated":true}]}}