{"id":29109,"date":"2025-05-02T20:27:09","date_gmt":"2025-05-02T20:27:09","guid":{"rendered":"https:\/\/blogdoere.com.br\/?p=29109"},"modified":"2025-05-02T23:00:18","modified_gmt":"2025-05-02T23:00:18","slug":"itajuipe-sac-movel-chega-para-atender-a-populacao-de-9-a-14-de-maio","status":"publish","type":"post","link":"https:\/\/blogdoere.com.br\/?p=29109","title":{"rendered":"Itaju\u00edpe: SAC M\u00f3vel chega  para atender a popula\u00e7\u00e3o de 9 a 14 de maio"},"content":{"rendered":"<div class=\"wp-block-image\">\n<figure class=\"aligncenter size-full\"><img decoding=\"async\" width=\"200\" height=\"133\" src=\"https:\/\/blogdoere.com.br\/wp-content\/uploads\/2025\/05\/sac-movel_0.jpg\" alt=\"\" class=\"wp-image-29110\"\/><\/figure>\n<\/div>\n\n\n<p>No dia 9 de maio, Itaju\u00edpe receber\u00e1 o SAC M\u00f3vel, uma iniciativa do governo do estado que visa facilitar o acesso da popula\u00e7\u00e3o a diversos servi\u00e7os essenciais. A unidade estar\u00e1 instalada na Pra\u00e7a Regis Pacheco, em frente ao Banco do Brasil, e funcionar\u00e1 diariamente das 7h30 \u00e0s 17h, at\u00e9 o dia 14 de maio.<\/p>\n\n\n\n<p>Durante essa semana, os cidad\u00e3os poder\u00e3o contar com uma variedade de servi\u00e7os oferecidos pelo SAC, que inclui atendimento ao cidad\u00e3o, orienta\u00e7\u00f5es e solu\u00e7\u00f5es para diferentes demandas. A a\u00e7\u00e3o tem como objetivo promover a cidadania e garantir que os moradores tenham acesso facilitado aos servi\u00e7os p\u00fablicos.<\/p>\n\n\n\n<p>A presen\u00e7a do SAC M\u00f3vel em Itaju\u00edpe representa uma oportunidade valiosa para a comunidade, que poder\u00e1 se beneficiar de atendimentos de forma pr\u00e1tica e acess\u00edvel. A expectativa \u00e9 de que a iniciativa atraia um grande n\u00famero de pessoas, contribuindo para a melhoria na presta\u00e7\u00e3o de servi\u00e7os no munic\u00edpio.<\/p>\n\n\n\n<p>Informa\u00e7\u00f5es da Coordena\u00e7\u00e3o de Assuntos Legislativo (COAL) e Secretaria de Rela\u00e7\u00f5es Institucionais (SERIN).<\/p>\n","protected":false},"excerpt":{"rendered":"<p>No dia 9 de maio, Itaju\u00edpe receber\u00e1 o SAC M\u00f3vel, uma iniciativa do governo do estado que visa facilitar o acesso da popula\u00e7\u00e3o a diversos servi\u00e7os essenciais. A unidade estar\u00e1&#8230;<\/p>\n","protected":false},"author":1,"featured_media":29110,"comment_status":"open","ping_status":"open","sticky":false,"template":"","format":"standard","meta":{"_editorskit_title_hidden":false,"_editorskit_reading_time":0,"_editorskit_is_block_options_detached":false,"_editorskit_block_options_position":"{}","om_disable_all_campaigns":false,"_mi_skip_tracking":false,"_kad_post_transparent":"","_kad_post_title":"","_kad_post_layout":"","_kad_post_sidebar_id":"","_kad_post_content_style":"","_kad_post_vertical_padding":"","_kad_post_feature":"","_kad_post_feature_position":"","_kad_post_header":false,"_kad_post_footer":false,"footnotes":""},"categories":[68],"tags":[42,80],"class_list":["post-29109","post","type-post","status-publish","format-standard","has-post-thumbnail","hentry","category-social","tag-bahia","tag-itajuipe"],"yoast_head":"<!-- This site is optimized with the Yoast SEO plugin v20.5 - https:\/\/yoast.com\/wordpress\/plugins\/seo\/ -->\n<title>Itaju\u00edpe: SAC M\u00f3vel chega para atender a popula\u00e7\u00e3o de 9 a 14 de maio - blog do er\u00ea<\/title>\n<meta name=\"robots\" content=\"index, follow, max-snippet:-1, max-image-preview:large, max-video-preview:-1\" \/>\n<link rel=\"canonical\" href=\"https:\/\/blogdoere.com.br\/?p=29109\" \/>\n<meta property=\"og:locale\" content=\"pt_PT\" \/>\n<meta property=\"og:type\" content=\"article\" \/>\n<meta property=\"og:title\" content=\"Itaju\u00edpe: SAC M\u00f3vel chega para atender a popula\u00e7\u00e3o de 9 a 14 de maio - blog do er\u00ea\" \/>\n<meta property=\"og:description\" content=\"No dia 9 de maio, Itaju\u00edpe receber\u00e1 o SAC M\u00f3vel, uma iniciativa do governo do estado que visa facilitar o acesso da popula\u00e7\u00e3o a diversos servi\u00e7os essenciais. A unidade estar\u00e1...\" \/>\n<meta property=\"og:url\" content=\"https:\/\/blogdoere.com.br\/?p=29109\" \/>\n<meta property=\"og:site_name\" content=\"blog do er\u00ea\" \/>\n<meta property=\"article:published_time\" content=\"2025-05-02T20:27:09+00:00\" \/>\n<meta property=\"article:modified_time\" content=\"2025-05-02T23:00:18+00:00\" \/>\n<meta property=\"og:image\" content=\"https:\/\/blogdoere.com.br\/wp-content\/uploads\/2025\/05\/sac-movel_0.jpg\" \/>\n\t<meta property=\"og:image:width\" content=\"200\" \/>\n\t<meta property=\"og:image:height\" content=\"133\" \/>\n\t<meta property=\"og:image:type\" content=\"image\/jpeg\" \/>\n<meta name=\"author\" content=\"blogdoere@hotmail.com\" \/>\n<meta name=\"twitter:card\" content=\"summary_large_image\" \/>\n<meta name=\"twitter:label1\" content=\"Escrito por\" \/>\n\t<meta name=\"twitter:data1\" content=\"blogdoere@hotmail.com\" \/>\n\t<meta name=\"twitter:label2\" content=\"Tempo estimado de leitura\" \/>\n\t<meta name=\"twitter:data2\" content=\"2 minutos\" \/>\n<script type=\"application\/ld+json\" class=\"yoast-schema-graph\">{\"@context\":\"https:\/\/schema.org\",\"@graph\":[{\"@type\":\"Article\",\"@id\":\"https:\/\/blogdoere.com.br\/?p=29109#article\",\"isPartOf\":{\"@id\":\"https:\/\/blogdoere.com.br\/?p=29109\"},\"author\":{\"name\":\"blogdoere@hotmail.com\",\"@id\":\"https:\/\/blogdoere.com.br\/#\/schema\/person\/c4f6d566a44c7bacdda563667715d18b\"},\"headline\":\"Itaju\u00edpe: SAC M\u00f3vel chega para atender a popula\u00e7\u00e3o de 9 a 14 de maio\",\"datePublished\":\"2025-05-02T20:27:09+00:00\",\"dateModified\":\"2025-05-02T23:00:18+00:00\",\"mainEntityOfPage\":{\"@id\":\"https:\/\/blogdoere.com.br\/?p=29109\"},\"wordCount\":198,\"commentCount\":0,\"publisher\":{\"@id\":\"https:\/\/blogdoere.com.br\/#organization\"},\"keywords\":[\"Bahia\",\"itajuipe\"],\"articleSection\":[\"Social\"],\"inLanguage\":\"pt-PT\",\"potentialAction\":[{\"@type\":\"CommentAction\",\"name\":\"Comment\",\"target\":[\"https:\/\/blogdoere.com.br\/?p=29109#respond\"]}]},{\"@type\":\"WebPage\",\"@id\":\"https:\/\/blogdoere.com.br\/?p=29109\",\"url\":\"https:\/\/blogdoere.com.br\/?p=29109\",\"name\":\"Itaju\u00edpe: SAC M\u00f3vel chega para atender a popula\u00e7\u00e3o de 9 a 14 de maio - blog do er\u00ea\",\"isPartOf\":{\"@id\":\"https:\/\/blogdoere.com.br\/#website\"},\"datePublished\":\"2025-05-02T20:27:09+00:00\",\"dateModified\":\"2025-05-02T23:00:18+00:00\",\"breadcrumb\":{\"@id\":\"https:\/\/blogdoere.com.br\/?p=29109#breadcrumb\"},\"inLanguage\":\"pt-PT\",\"potentialAction\":[{\"@type\":\"ReadAction\",\"target\":[\"https:\/\/blogdoere.com.br\/?p=29109\"]}]},{\"@type\":\"BreadcrumbList\",\"@id\":\"https:\/\/blogdoere.com.br\/?p=29109#breadcrumb\",\"itemListElement\":[{\"@type\":\"ListItem\",\"position\":1,\"name\":\"In\u00edcio\",\"item\":\"https:\/\/blogdoere.com.br\/\"},{\"@type\":\"ListItem\",\"position\":2,\"name\":\"Itaju\u00edpe: SAC M\u00f3vel chega para atender a popula\u00e7\u00e3o de 9 a 14 de maio\"}]},{\"@type\":\"WebSite\",\"@id\":\"https:\/\/blogdoere.com.br\/#website\",\"url\":\"https:\/\/blogdoere.com.br\/\",\"name\":\"blog do er\u00ea\",\"description\":\"\",\"publisher\":{\"@id\":\"https:\/\/blogdoere.com.br\/#organization\"},\"potentialAction\":[{\"@type\":\"SearchAction\",\"target\":{\"@type\":\"EntryPoint\",\"urlTemplate\":\"https:\/\/blogdoere.com.br\/?s={search_term_string}\"},\"query-input\":\"required name=search_term_string\"}],\"inLanguage\":\"pt-PT\"},{\"@type\":\"Organization\",\"@id\":\"https:\/\/blogdoere.com.br\/#organization\",\"name\":\"Blog do Er\u00ea\",\"url\":\"https:\/\/blogdoere.com.br\/\",\"logo\":{\"@type\":\"ImageObject\",\"inLanguage\":\"pt-PT\",\"@id\":\"https:\/\/blogdoere.com.br\/#\/schema\/logo\/image\/\",\"url\":\"https:\/\/blogdoere.com.br\/wp-content\/uploads\/2021\/11\/Logo-Ere-1.png\",\"contentUrl\":\"https:\/\/blogdoere.com.br\/wp-content\/uploads\/2021\/11\/Logo-Ere-1.png\",\"width\":1261,\"height\":1330,\"caption\":\"Blog do Er\u00ea\"},\"image\":{\"@id\":\"https:\/\/blogdoere.com.br\/#\/schema\/logo\/image\/\"}},{\"@type\":\"Person\",\"@id\":\"https:\/\/blogdoere.com.br\/#\/schema\/person\/c4f6d566a44c7bacdda563667715d18b\",\"name\":\"blogdoere@hotmail.com\",\"image\":{\"@type\":\"ImageObject\",\"inLanguage\":\"pt-PT\",\"@id\":\"https:\/\/blogdoere.com.br\/#\/schema\/person\/image\/\",\"url\":\"https:\/\/secure.gravatar.com\/avatar\/5684bd39df1289cb639b4ab539d6fcad69420e4a29521548fc078c58ed122fe6?s=96&d=mm&r=g\",\"contentUrl\":\"https:\/\/secure.gravatar.com\/avatar\/5684bd39df1289cb639b4ab539d6fcad69420e4a29521548fc078c58ed122fe6?s=96&d=mm&r=g\",\"caption\":\"blogdoere@hotmail.com\"},\"sameAs\":[\"http:\/\/blogdoere.com.br\"]}]}<\/script>\n<!-- \/ Yoast SEO plugin. -->","yoast_head_json":{"title":"Itaju\u00edpe: SAC M\u00f3vel chega para atender a popula\u00e7\u00e3o de 9 a 14 de maio - blog do er\u00ea","robots":{"index":"index","follow":"follow","max-snippet":"max-snippet:-1","max-image-preview":"max-image-preview:large","max-video-preview":"max-video-preview:-1"},"canonical":"https:\/\/blogdoere.com.br\/?p=29109","og_locale":"pt_PT","og_type":"article","og_title":"Itaju\u00edpe: SAC M\u00f3vel chega para atender a popula\u00e7\u00e3o de 9 a 14 de maio - blog do er\u00ea","og_description":"No dia 9 de maio, Itaju\u00edpe receber\u00e1 o SAC M\u00f3vel, uma iniciativa do governo do estado que visa facilitar o acesso da popula\u00e7\u00e3o a diversos servi\u00e7os essenciais. A unidade estar\u00e1...","og_url":"https:\/\/blogdoere.com.br\/?p=29109","og_site_name":"blog do er\u00ea","article_published_time":"2025-05-02T20:27:09+00:00","article_modified_time":"2025-05-02T23:00:18+00:00","og_image":[{"width":200,"height":133,"url":"https:\/\/blogdoere.com.br\/wp-content\/uploads\/2025\/05\/sac-movel_0.jpg","type":"image\/jpeg"}],"author":"blogdoere@hotmail.com","twitter_card":"summary_large_image","twitter_misc":{"Escrito por":"blogdoere@hotmail.com","Tempo estimado de leitura":"2 minutos"},"schema":{"@context":"https:\/\/schema.org","@graph":[{"@type":"Article","@id":"https:\/\/blogdoere.com.br\/?p=29109#article","isPartOf":{"@id":"https:\/\/blogdoere.com.br\/?p=29109"},"author":{"name":"blogdoere@hotmail.com","@id":"https:\/\/blogdoere.com.br\/#\/schema\/person\/c4f6d566a44c7bacdda563667715d18b"},"headline":"Itaju\u00edpe: SAC M\u00f3vel chega para atender a popula\u00e7\u00e3o de 9 a 14 de maio","datePublished":"2025-05-02T20:27:09+00:00","dateModified":"2025-05-02T23:00:18+00:00","mainEntityOfPage":{"@id":"https:\/\/blogdoere.com.br\/?p=29109"},"wordCount":198,"commentCount":0,"publisher":{"@id":"https:\/\/blogdoere.com.br\/#organization"},"keywords":["Bahia","itajuipe"],"articleSection":["Social"],"inLanguage":"pt-PT","potentialAction":[{"@type":"CommentAction","name":"Comment","target":["https:\/\/blogdoere.com.br\/?p=29109#respond"]}]},{"@type":"WebPage","@id":"https:\/\/blogdoere.com.br\/?p=29109","url":"https:\/\/blogdoere.com.br\/?p=29109","name":"Itaju\u00edpe: SAC M\u00f3vel chega para atender a popula\u00e7\u00e3o de 9 a 14 de maio - blog do er\u00ea","isPartOf":{"@id":"https:\/\/blogdoere.com.br\/#website"},"datePublished":"2025-05-02T20:27:09+00:00","dateModified":"2025-05-02T23:00:18+00:00","breadcrumb":{"@id":"https:\/\/blogdoere.com.br\/?p=29109#breadcrumb"},"inLanguage":"pt-PT","potentialAction":[{"@type":"ReadAction","target":["https:\/\/blogdoere.com.br\/?p=29109"]}]},{"@type":"BreadcrumbList","@id":"https:\/\/blogdoere.com.br\/?p=29109#breadcrumb","itemListElement":[{"@type":"ListItem","position":1,"name":"In\u00edcio","item":"https:\/\/blogdoere.com.br\/"},{"@type":"ListItem","position":2,"name":"Itaju\u00edpe: SAC M\u00f3vel chega para atender a popula\u00e7\u00e3o de 9 a 14 de maio"}]},{"@type":"WebSite","@id":"https:\/\/blogdoere.com.br\/#website","url":"https:\/\/blogdoere.com.br\/","name":"blog do er\u00ea","description":"","publisher":{"@id":"https:\/\/blogdoere.com.br\/#organization"},"potentialAction":[{"@type":"SearchAction","target":{"@type":"EntryPoint","urlTemplate":"https:\/\/blogdoere.com.br\/?s={search_term_string}"},"query-input":"required name=search_term_string"}],"inLanguage":"pt-PT"},{"@type":"Organization","@id":"https:\/\/blogdoere.com.br\/#organization","name":"Blog do Er\u00ea","url":"https:\/\/blogdoere.com.br\/","logo":{"@type":"ImageObject","inLanguage":"pt-PT","@id":"https:\/\/blogdoere.com.br\/#\/schema\/logo\/image\/","url":"https:\/\/blogdoere.com.br\/wp-content\/uploads\/2021\/11\/Logo-Ere-1.png","contentUrl":"https:\/\/blogdoere.com.br\/wp-content\/uploads\/2021\/11\/Logo-Ere-1.png","width":1261,"height":1330,"caption":"Blog do Er\u00ea"},"image":{"@id":"https:\/\/blogdoere.com.br\/#\/schema\/logo\/image\/"}},{"@type":"Person","@id":"https:\/\/blogdoere.com.br\/#\/schema\/person\/c4f6d566a44c7bacdda563667715d18b","name":"blogdoere@hotmail.com","image":{"@type":"ImageObject","inLanguage":"pt-PT","@id":"https:\/\/blogdoere.com.br\/#\/schema\/person\/image\/","url":"https:\/\/secure.gravatar.com\/avatar\/5684bd39df1289cb639b4ab539d6fcad69420e4a29521548fc078c58ed122fe6?s=96&d=mm&r=g","contentUrl":"https:\/\/secure.gravatar.com\/avatar\/5684bd39df1289cb639b4ab539d6fcad69420e4a29521548fc078c58ed122fe6?s=96&d=mm&r=g","caption":"blogdoere@hotmail.com"},"sameAs":["http:\/\/blogdoere.com.br"]}]}},"featured_image_urls":{"full":["https:\/\/blogdoere.com.br\/wp-content\/uploads\/2025\/05\/sac-movel_0.jpg",200,133,false],"thumbnail":["https:\/\/blogdoere.com.br\/wp-content\/uploads\/2025\/05\/sac-movel_0-150x133.jpg",150,133,true],"medium":["https:\/\/blogdoere.com.br\/wp-content\/uploads\/2025\/05\/sac-movel_0.jpg",200,133,false],"medium_large":["https:\/\/blogdoere.com.br\/wp-content\/uploads\/2025\/05\/sac-movel_0.jpg",200,133,false],"large":["https:\/\/blogdoere.com.br\/wp-content\/uploads\/2025\/05\/sac-movel_0.jpg",200,133,false],"1536x1536":["https:\/\/blogdoere.com.br\/wp-content\/uploads\/2025\/05\/sac-movel_0.jpg",200,133,false],"2048x2048":["https:\/\/blogdoere.com.br\/wp-content\/uploads\/2025\/05\/sac-movel_0.jpg",200,133,false]},"author_info":{"display_name":"blogdoere@hotmail.com","author_link":"https:\/\/blogdoere.com.br\/?author=1"},"category_info":"<a href=\"https:\/\/blogdoere.com.br\/?cat=68\" rel=\"category\">Social<\/a>","tag_info":"Social","comment_count":"0","_links":{"self":[{"href":"https:\/\/blogdoere.com.br\/index.php?rest_route=\/wp\/v2\/posts\/29109","targetHints":{"allow":["GET"]}}],"collection":[{"href":"https:\/\/blogdoere.com.br\/index.php?rest_route=\/wp\/v2\/posts"}],"about":[{"href":"https:\/\/blogdoere.com.br\/index.php?rest_route=\/wp\/v2\/types\/post"}],"author":[{"embeddable":true,"href":"https:\/\/blogdoere.com.br\/index.php?rest_route=\/wp\/v2\/users\/1"}],"replies":[{"embeddable":true,"href":"https:\/\/blogdoere.com.br\/index.php?rest_route=%2Fwp%2Fv2%2Fcomments&post=29109"}],"version-history":[{"count":4,"href":"https:\/\/blogdoere.com.br\/index.php?rest_route=\/wp\/v2\/posts\/29109\/revisions"}],"predecessor-version":[{"id":29116,"href":"https:\/\/blogdoere.com.br\/index.php?rest_route=\/wp\/v2\/posts\/29109\/revisions\/29116"}],"wp:featuredmedia":[{"embeddable":true,"href":"https:\/\/blogdoere.com.br\/index.php?rest_route=\/wp\/v2\/media\/29110"}],"wp:attachment":[{"href":"https:\/\/blogdoere.com.br\/index.php?rest_route=%2Fwp%2Fv2%2Fmedia&parent=29109"}],"wp:term":[{"taxonomy":"category","embeddable":true,"href":"https:\/\/blogdoere.com.br\/index.php?rest_route=%2Fwp%2Fv2%2Fcategories&post=29109"},{"taxonomy":"post_tag","embeddable":true,"href":"https:\/\/blogdoere.com.br\/index.php?rest_route=%2Fwp%2Fv2%2Ftags&post=29109"}],"curies":[{"name":"wp","href":"https:\/\/api.w.org\/{rel}","templated":true}]}}