{"id":29118,"date":"2025-05-11T18:31:28","date_gmt":"2025-05-11T18:31:28","guid":{"rendered":"https:\/\/blogdoere.com.br\/?p=29118"},"modified":"2025-05-11T19:33:42","modified_gmt":"2025-05-11T19:33:42","slug":"jornalista-fabio-costa-pinto-e-reeleito-para-o-conselho-da-abi-e-representara-a-bahia-na-nova-diretoria","status":"publish","type":"post","link":"https:\/\/blogdoere.com.br\/?p=29118","title":{"rendered":"Jornalista F\u00e1bio Costa Pinto \u00e9 reeleito para o conselho da ABI e representar\u00e1 a Bahia na nova diretoria"},"content":{"rendered":"\n<figure class=\"wp-block-image size-full\"><img decoding=\"async\" width=\"400\" height=\"400\" src=\"https:\/\/blogdoere.com.br\/wp-content\/uploads\/2025\/05\/IMG-20250511-WA01221.jpg\" alt=\"\" class=\"wp-image-29119\" srcset=\"https:\/\/blogdoere.com.br\/wp-content\/uploads\/2025\/05\/IMG-20250511-WA01221.jpg 400w, https:\/\/blogdoere.com.br\/wp-content\/uploads\/2025\/05\/IMG-20250511-WA01221-300x300.jpg 300w, https:\/\/blogdoere.com.br\/wp-content\/uploads\/2025\/05\/IMG-20250511-WA01221-150x150.jpg 150w\" sizes=\"(max-width: 400px) 100vw, 400px\" \/><\/figure>\n\n\n\n<p>Na ter\u00e7a-feira, 13 de maio, o jornalista F\u00e1bio Costa Pinto tomar\u00e1 posse como membro do conselho deliberativo da Associa\u00e7\u00e3o Brasileira de Imprensa (ABI) pela quarta vez. Ele representa a Bahia em um momento significativo para a entidade, que dar\u00e1 as boas-vindas \u00e0 nova diretoria, continuando sob a lideran\u00e7a dos jornalistas Oct\u00e1vio Costa e Regina Pimenta, eleitos em 25 de abril para um mandato de tr\u00eas anos.<\/p>\n\n\n\n<p>F\u00e1bio Costa Pinto tem se destacado n\u00e3o apenas por sua reelei\u00e7\u00e3o, mas tamb\u00e9m por sua ativa participa\u00e7\u00e3o no processo eleitoral da ABI, onde defendeu uma entidade mais engajada nas quest\u00f5es do Nordeste. O jornalista \u00e9 um fervoroso defensor dos direitos humanos e da liberdade de imprensa, luta  por uma sociedade que respeite essas bandeiras fundamentais.<\/p>\n\n\n\n<p>A cerim\u00f4nia de posse da nova diretoria est\u00e1 marcada para \u00e0s 16 horas, na sede da ABI, localizada na Rua Ara\u00fajo Porto Alegre, 9\u00b0 andar, no Centro do Rio de Janeiro. O evento promete reunir importantes figuras do jornalismo brasileiro, refor\u00e7ando o compromisso da associa\u00e7\u00e3o com a defesa da liberdade de express\u00e3o e a atua\u00e7\u00e3o da imprensa no pa\u00eds.<\/p>\n","protected":false},"excerpt":{"rendered":"<p>Na ter\u00e7a-feira, 13 de maio, o jornalista F\u00e1bio Costa Pinto tomar\u00e1 posse como membro do conselho deliberativo da Associa\u00e7\u00e3o Brasileira de Imprensa (ABI) pela quarta vez. Ele representa a Bahia&#8230;<\/p>\n","protected":false},"author":1,"featured_media":29119,"comment_status":"open","ping_status":"open","sticky":false,"template":"","format":"standard","meta":{"_editorskit_title_hidden":false,"_editorskit_reading_time":0,"_editorskit_is_block_options_detached":false,"_editorskit_block_options_position":"{}","om_disable_all_campaigns":false,"_mi_skip_tracking":false,"_kad_post_transparent":"","_kad_post_title":"","_kad_post_layout":"","_kad_post_sidebar_id":"","_kad_post_content_style":"","_kad_post_vertical_padding":"","_kad_post_feature":"","_kad_post_feature_position":"","_kad_post_header":false,"_kad_post_footer":false,"footnotes":""},"categories":[82],"tags":[42],"class_list":["post-29118","post","type-post","status-publish","format-standard","has-post-thumbnail","hentry","category-imprensa","tag-bahia"],"yoast_head":"<!-- This site is optimized with the Yoast SEO plugin v20.5 - https:\/\/yoast.com\/wordpress\/plugins\/seo\/ -->\n<title>Jornalista F\u00e1bio Costa Pinto \u00e9 reeleito para o conselho da ABI e representar\u00e1 a Bahia na nova diretoria - blog do er\u00ea<\/title>\n<meta name=\"robots\" content=\"index, follow, max-snippet:-1, max-image-preview:large, max-video-preview:-1\" \/>\n<link rel=\"canonical\" href=\"https:\/\/blogdoere.com.br\/?p=29118\" \/>\n<meta property=\"og:locale\" content=\"pt_PT\" \/>\n<meta property=\"og:type\" content=\"article\" \/>\n<meta property=\"og:title\" content=\"Jornalista F\u00e1bio Costa Pinto \u00e9 reeleito para o conselho da ABI e representar\u00e1 a Bahia na nova diretoria - blog do er\u00ea\" \/>\n<meta property=\"og:description\" content=\"Na ter\u00e7a-feira, 13 de maio, o jornalista F\u00e1bio Costa Pinto tomar\u00e1 posse como membro do conselho deliberativo da Associa\u00e7\u00e3o Brasileira de Imprensa (ABI) pela quarta vez. Ele representa a Bahia...\" \/>\n<meta property=\"og:url\" content=\"https:\/\/blogdoere.com.br\/?p=29118\" \/>\n<meta property=\"og:site_name\" content=\"blog do er\u00ea\" \/>\n<meta property=\"article:published_time\" content=\"2025-05-11T18:31:28+00:00\" \/>\n<meta property=\"article:modified_time\" content=\"2025-05-11T19:33:42+00:00\" \/>\n<meta property=\"og:image\" content=\"https:\/\/blogdoere.com.br\/wp-content\/uploads\/2025\/05\/IMG-20250511-WA01221.jpg\" \/>\n\t<meta property=\"og:image:width\" content=\"400\" \/>\n\t<meta property=\"og:image:height\" content=\"400\" \/>\n\t<meta property=\"og:image:type\" content=\"image\/jpeg\" \/>\n<meta name=\"author\" content=\"blogdoere@hotmail.com\" \/>\n<meta name=\"twitter:card\" content=\"summary_large_image\" \/>\n<meta name=\"twitter:label1\" content=\"Escrito por\" \/>\n\t<meta name=\"twitter:data1\" content=\"blogdoere@hotmail.com\" \/>\n\t<meta name=\"twitter:label2\" content=\"Tempo estimado de leitura\" \/>\n\t<meta name=\"twitter:data2\" content=\"2 minutos\" \/>\n<script type=\"application\/ld+json\" class=\"yoast-schema-graph\">{\"@context\":\"https:\/\/schema.org\",\"@graph\":[{\"@type\":\"Article\",\"@id\":\"https:\/\/blogdoere.com.br\/?p=29118#article\",\"isPartOf\":{\"@id\":\"https:\/\/blogdoere.com.br\/?p=29118\"},\"author\":{\"name\":\"blogdoere@hotmail.com\",\"@id\":\"https:\/\/blogdoere.com.br\/#\/schema\/person\/c4f6d566a44c7bacdda563667715d18b\"},\"headline\":\"Jornalista F\u00e1bio Costa Pinto \u00e9 reeleito para o conselho da ABI e representar\u00e1 a Bahia na nova diretoria\",\"datePublished\":\"2025-05-11T18:31:28+00:00\",\"dateModified\":\"2025-05-11T19:33:42+00:00\",\"mainEntityOfPage\":{\"@id\":\"https:\/\/blogdoere.com.br\/?p=29118\"},\"wordCount\":211,\"commentCount\":1,\"publisher\":{\"@id\":\"https:\/\/blogdoere.com.br\/#organization\"},\"keywords\":[\"Bahia\"],\"articleSection\":[\"Imprensa\"],\"inLanguage\":\"pt-PT\",\"potentialAction\":[{\"@type\":\"CommentAction\",\"name\":\"Comment\",\"target\":[\"https:\/\/blogdoere.com.br\/?p=29118#respond\"]}]},{\"@type\":\"WebPage\",\"@id\":\"https:\/\/blogdoere.com.br\/?p=29118\",\"url\":\"https:\/\/blogdoere.com.br\/?p=29118\",\"name\":\"Jornalista F\u00e1bio Costa Pinto \u00e9 reeleito para o conselho da ABI e representar\u00e1 a Bahia na nova diretoria - blog do er\u00ea\",\"isPartOf\":{\"@id\":\"https:\/\/blogdoere.com.br\/#website\"},\"datePublished\":\"2025-05-11T18:31:28+00:00\",\"dateModified\":\"2025-05-11T19:33:42+00:00\",\"breadcrumb\":{\"@id\":\"https:\/\/blogdoere.com.br\/?p=29118#breadcrumb\"},\"inLanguage\":\"pt-PT\",\"potentialAction\":[{\"@type\":\"ReadAction\",\"target\":[\"https:\/\/blogdoere.com.br\/?p=29118\"]}]},{\"@type\":\"BreadcrumbList\",\"@id\":\"https:\/\/blogdoere.com.br\/?p=29118#breadcrumb\",\"itemListElement\":[{\"@type\":\"ListItem\",\"position\":1,\"name\":\"In\u00edcio\",\"item\":\"https:\/\/blogdoere.com.br\/\"},{\"@type\":\"ListItem\",\"position\":2,\"name\":\"Jornalista F\u00e1bio Costa Pinto \u00e9 reeleito para o conselho da ABI e representar\u00e1 a Bahia na nova diretoria\"}]},{\"@type\":\"WebSite\",\"@id\":\"https:\/\/blogdoere.com.br\/#website\",\"url\":\"https:\/\/blogdoere.com.br\/\",\"name\":\"blog do er\u00ea\",\"description\":\"\",\"publisher\":{\"@id\":\"https:\/\/blogdoere.com.br\/#organization\"},\"potentialAction\":[{\"@type\":\"SearchAction\",\"target\":{\"@type\":\"EntryPoint\",\"urlTemplate\":\"https:\/\/blogdoere.com.br\/?s={search_term_string}\"},\"query-input\":\"required name=search_term_string\"}],\"inLanguage\":\"pt-PT\"},{\"@type\":\"Organization\",\"@id\":\"https:\/\/blogdoere.com.br\/#organization\",\"name\":\"Blog do Er\u00ea\",\"url\":\"https:\/\/blogdoere.com.br\/\",\"logo\":{\"@type\":\"ImageObject\",\"inLanguage\":\"pt-PT\",\"@id\":\"https:\/\/blogdoere.com.br\/#\/schema\/logo\/image\/\",\"url\":\"https:\/\/blogdoere.com.br\/wp-content\/uploads\/2021\/11\/Logo-Ere-1.png\",\"contentUrl\":\"https:\/\/blogdoere.com.br\/wp-content\/uploads\/2021\/11\/Logo-Ere-1.png\",\"width\":1261,\"height\":1330,\"caption\":\"Blog do Er\u00ea\"},\"image\":{\"@id\":\"https:\/\/blogdoere.com.br\/#\/schema\/logo\/image\/\"}},{\"@type\":\"Person\",\"@id\":\"https:\/\/blogdoere.com.br\/#\/schema\/person\/c4f6d566a44c7bacdda563667715d18b\",\"name\":\"blogdoere@hotmail.com\",\"image\":{\"@type\":\"ImageObject\",\"inLanguage\":\"pt-PT\",\"@id\":\"https:\/\/blogdoere.com.br\/#\/schema\/person\/image\/\",\"url\":\"https:\/\/secure.gravatar.com\/avatar\/5684bd39df1289cb639b4ab539d6fcad69420e4a29521548fc078c58ed122fe6?s=96&d=mm&r=g\",\"contentUrl\":\"https:\/\/secure.gravatar.com\/avatar\/5684bd39df1289cb639b4ab539d6fcad69420e4a29521548fc078c58ed122fe6?s=96&d=mm&r=g\",\"caption\":\"blogdoere@hotmail.com\"},\"sameAs\":[\"http:\/\/blogdoere.com.br\"]}]}<\/script>\n<!-- \/ Yoast SEO plugin. -->","yoast_head_json":{"title":"Jornalista F\u00e1bio Costa Pinto \u00e9 reeleito para o conselho da ABI e representar\u00e1 a Bahia na nova diretoria - blog do er\u00ea","robots":{"index":"index","follow":"follow","max-snippet":"max-snippet:-1","max-image-preview":"max-image-preview:large","max-video-preview":"max-video-preview:-1"},"canonical":"https:\/\/blogdoere.com.br\/?p=29118","og_locale":"pt_PT","og_type":"article","og_title":"Jornalista F\u00e1bio Costa Pinto \u00e9 reeleito para o conselho da ABI e representar\u00e1 a Bahia na nova diretoria - blog do er\u00ea","og_description":"Na ter\u00e7a-feira, 13 de maio, o jornalista F\u00e1bio Costa Pinto tomar\u00e1 posse como membro do conselho deliberativo da Associa\u00e7\u00e3o Brasileira de Imprensa (ABI) pela quarta vez. Ele representa a Bahia...","og_url":"https:\/\/blogdoere.com.br\/?p=29118","og_site_name":"blog do er\u00ea","article_published_time":"2025-05-11T18:31:28+00:00","article_modified_time":"2025-05-11T19:33:42+00:00","og_image":[{"width":400,"height":400,"url":"https:\/\/blogdoere.com.br\/wp-content\/uploads\/2025\/05\/IMG-20250511-WA01221.jpg","type":"image\/jpeg"}],"author":"blogdoere@hotmail.com","twitter_card":"summary_large_image","twitter_misc":{"Escrito por":"blogdoere@hotmail.com","Tempo estimado de leitura":"2 minutos"},"schema":{"@context":"https:\/\/schema.org","@graph":[{"@type":"Article","@id":"https:\/\/blogdoere.com.br\/?p=29118#article","isPartOf":{"@id":"https:\/\/blogdoere.com.br\/?p=29118"},"author":{"name":"blogdoere@hotmail.com","@id":"https:\/\/blogdoere.com.br\/#\/schema\/person\/c4f6d566a44c7bacdda563667715d18b"},"headline":"Jornalista F\u00e1bio Costa Pinto \u00e9 reeleito para o conselho da ABI e representar\u00e1 a Bahia na nova diretoria","datePublished":"2025-05-11T18:31:28+00:00","dateModified":"2025-05-11T19:33:42+00:00","mainEntityOfPage":{"@id":"https:\/\/blogdoere.com.br\/?p=29118"},"wordCount":211,"commentCount":1,"publisher":{"@id":"https:\/\/blogdoere.com.br\/#organization"},"keywords":["Bahia"],"articleSection":["Imprensa"],"inLanguage":"pt-PT","potentialAction":[{"@type":"CommentAction","name":"Comment","target":["https:\/\/blogdoere.com.br\/?p=29118#respond"]}]},{"@type":"WebPage","@id":"https:\/\/blogdoere.com.br\/?p=29118","url":"https:\/\/blogdoere.com.br\/?p=29118","name":"Jornalista F\u00e1bio Costa Pinto \u00e9 reeleito para o conselho da ABI e representar\u00e1 a Bahia na nova diretoria - blog do er\u00ea","isPartOf":{"@id":"https:\/\/blogdoere.com.br\/#website"},"datePublished":"2025-05-11T18:31:28+00:00","dateModified":"2025-05-11T19:33:42+00:00","breadcrumb":{"@id":"https:\/\/blogdoere.com.br\/?p=29118#breadcrumb"},"inLanguage":"pt-PT","potentialAction":[{"@type":"ReadAction","target":["https:\/\/blogdoere.com.br\/?p=29118"]}]},{"@type":"BreadcrumbList","@id":"https:\/\/blogdoere.com.br\/?p=29118#breadcrumb","itemListElement":[{"@type":"ListItem","position":1,"name":"In\u00edcio","item":"https:\/\/blogdoere.com.br\/"},{"@type":"ListItem","position":2,"name":"Jornalista F\u00e1bio Costa Pinto \u00e9 reeleito para o conselho da ABI e representar\u00e1 a Bahia na nova diretoria"}]},{"@type":"WebSite","@id":"https:\/\/blogdoere.com.br\/#website","url":"https:\/\/blogdoere.com.br\/","name":"blog do er\u00ea","description":"","publisher":{"@id":"https:\/\/blogdoere.com.br\/#organization"},"potentialAction":[{"@type":"SearchAction","target":{"@type":"EntryPoint","urlTemplate":"https:\/\/blogdoere.com.br\/?s={search_term_string}"},"query-input":"required name=search_term_string"}],"inLanguage":"pt-PT"},{"@type":"Organization","@id":"https:\/\/blogdoere.com.br\/#organization","name":"Blog do Er\u00ea","url":"https:\/\/blogdoere.com.br\/","logo":{"@type":"ImageObject","inLanguage":"pt-PT","@id":"https:\/\/blogdoere.com.br\/#\/schema\/logo\/image\/","url":"https:\/\/blogdoere.com.br\/wp-content\/uploads\/2021\/11\/Logo-Ere-1.png","contentUrl":"https:\/\/blogdoere.com.br\/wp-content\/uploads\/2021\/11\/Logo-Ere-1.png","width":1261,"height":1330,"caption":"Blog do Er\u00ea"},"image":{"@id":"https:\/\/blogdoere.com.br\/#\/schema\/logo\/image\/"}},{"@type":"Person","@id":"https:\/\/blogdoere.com.br\/#\/schema\/person\/c4f6d566a44c7bacdda563667715d18b","name":"blogdoere@hotmail.com","image":{"@type":"ImageObject","inLanguage":"pt-PT","@id":"https:\/\/blogdoere.com.br\/#\/schema\/person\/image\/","url":"https:\/\/secure.gravatar.com\/avatar\/5684bd39df1289cb639b4ab539d6fcad69420e4a29521548fc078c58ed122fe6?s=96&d=mm&r=g","contentUrl":"https:\/\/secure.gravatar.com\/avatar\/5684bd39df1289cb639b4ab539d6fcad69420e4a29521548fc078c58ed122fe6?s=96&d=mm&r=g","caption":"blogdoere@hotmail.com"},"sameAs":["http:\/\/blogdoere.com.br"]}]}},"featured_image_urls":{"full":["https:\/\/blogdoere.com.br\/wp-content\/uploads\/2025\/05\/IMG-20250511-WA01221.jpg",400,400,false],"thumbnail":["https:\/\/blogdoere.com.br\/wp-content\/uploads\/2025\/05\/IMG-20250511-WA01221-150x150.jpg",150,150,true],"medium":["https:\/\/blogdoere.com.br\/wp-content\/uploads\/2025\/05\/IMG-20250511-WA01221-300x300.jpg",300,300,true],"medium_large":["https:\/\/blogdoere.com.br\/wp-content\/uploads\/2025\/05\/IMG-20250511-WA01221.jpg",400,400,false],"large":["https:\/\/blogdoere.com.br\/wp-content\/uploads\/2025\/05\/IMG-20250511-WA01221.jpg",400,400,false],"1536x1536":["https:\/\/blogdoere.com.br\/wp-content\/uploads\/2025\/05\/IMG-20250511-WA01221.jpg",400,400,false],"2048x2048":["https:\/\/blogdoere.com.br\/wp-content\/uploads\/2025\/05\/IMG-20250511-WA01221.jpg",400,400,false]},"author_info":{"display_name":"blogdoere@hotmail.com","author_link":"https:\/\/blogdoere.com.br\/?author=1"},"category_info":"<a href=\"https:\/\/blogdoere.com.br\/?cat=82\" rel=\"category\">Imprensa<\/a>","tag_info":"Imprensa","comment_count":"1","_links":{"self":[{"href":"https:\/\/blogdoere.com.br\/index.php?rest_route=\/wp\/v2\/posts\/29118","targetHints":{"allow":["GET"]}}],"collection":[{"href":"https:\/\/blogdoere.com.br\/index.php?rest_route=\/wp\/v2\/posts"}],"about":[{"href":"https:\/\/blogdoere.com.br\/index.php?rest_route=\/wp\/v2\/types\/post"}],"author":[{"embeddable":true,"href":"https:\/\/blogdoere.com.br\/index.php?rest_route=\/wp\/v2\/users\/1"}],"replies":[{"embeddable":true,"href":"https:\/\/blogdoere.com.br\/index.php?rest_route=%2Fwp%2Fv2%2Fcomments&post=29118"}],"version-history":[{"count":2,"href":"https:\/\/blogdoere.com.br\/index.php?rest_route=\/wp\/v2\/posts\/29118\/revisions"}],"predecessor-version":[{"id":29122,"href":"https:\/\/blogdoere.com.br\/index.php?rest_route=\/wp\/v2\/posts\/29118\/revisions\/29122"}],"wp:featuredmedia":[{"embeddable":true,"href":"https:\/\/blogdoere.com.br\/index.php?rest_route=\/wp\/v2\/media\/29119"}],"wp:attachment":[{"href":"https:\/\/blogdoere.com.br\/index.php?rest_route=%2Fwp%2Fv2%2Fmedia&parent=29118"}],"wp:term":[{"taxonomy":"category","embeddable":true,"href":"https:\/\/blogdoere.com.br\/index.php?rest_route=%2Fwp%2Fv2%2Fcategories&post=29118"},{"taxonomy":"post_tag","embeddable":true,"href":"https:\/\/blogdoere.com.br\/index.php?rest_route=%2Fwp%2Fv2%2Ftags&post=29118"}],"curies":[{"name":"wp","href":"https:\/\/api.w.org\/{rel}","templated":true}]}}