{"id":29138,"date":"2025-05-25T21:53:17","date_gmt":"2025-05-25T21:53:17","guid":{"rendered":"https:\/\/blogdoere.com.br\/?p=29138"},"modified":"2025-05-26T17:55:50","modified_gmt":"2025-05-26T17:55:50","slug":"micapedro-dos-lagos-abertura-da-setima-edicao-promete-agitar-a-regiao","status":"publish","type":"post","link":"https:\/\/blogdoere.com.br\/?p=29138","title":{"rendered":"Mica Pedro dos Lagos: Abertura da s\u00e9tima edi\u00e7\u00e3o promete agitar a regi\u00e3o"},"content":{"rendered":"\n<figure class=\"wp-block-image size-large\"><img decoding=\"async\" width=\"876\" height=\"1024\" src=\"https:\/\/blogdoere.com.br\/wp-content\/uploads\/2025\/05\/IMG-20250523-WA0163-876x1024.jpg\" alt=\"\" class=\"wp-image-29140\" srcset=\"https:\/\/blogdoere.com.br\/wp-content\/uploads\/2025\/05\/IMG-20250523-WA0163-876x1024.jpg 876w, https:\/\/blogdoere.com.br\/wp-content\/uploads\/2025\/05\/IMG-20250523-WA0163-257x300.jpg 257w, https:\/\/blogdoere.com.br\/wp-content\/uploads\/2025\/05\/IMG-20250523-WA0163-768x897.jpg 768w, https:\/\/blogdoere.com.br\/wp-content\/uploads\/2025\/05\/IMG-20250523-WA0163.jpg 1080w\" sizes=\"(max-width: 876px) 100vw, 876px\" \/><\/figure>\n\n\n\n<p>No pr\u00f3ximo dia 6 de junho, a cidade de Itaju\u00edpe dar\u00e1 in\u00edcio \u00e0 s\u00e9tima edi\u00e7\u00e3o do tradicional Mica Pedro dos Lagos, um evento que se consolidou como um dos principais destaques culturais, econ\u00f4micos e de lazer da regi\u00e3o. As festividades se estender\u00e3o at\u00e9 o dia 8, trazendo atra\u00e7\u00f5es de renome nacional, como a famosa banda de forr\u00f3 Mastruz com Leite, que promete animar o p\u00fablico com seu repert\u00f3rio vibrante.<\/p>\n\n\n\n<p>Al\u00e9m de Mastruz, o evento contar\u00e1 com apresenta\u00e7\u00f5es de artistas renomados, como Thiago Aquino, Toque Dez, Devinho Novaes, Kevi Jonny, Cia do Kaprixxo, Pipoco do Trov\u00e3o, Sinho Ferrary, Trio da Huana, Larissa Gomes, Saiddy Bamba, Pirilampo e os pratas da casa: Ki Absurdo, Vitor Reis e Di Rolle, que se apresentar\u00e3o no circuito mais badalado da regi\u00e3o. Segundo o prefeito L\u00e9o da Capoeira, a antecipa\u00e7\u00e3o das festividades este ano foi uma estrat\u00e9gia adotada pelo governo municipal, buscando tamb\u00e9m estimular o com\u00e9rcio local e atrair visitantes. &#8220;O Mica Pedro n\u00e3o \u00e9 apenas uma festa, mas tamb\u00e9m uma oportunidade para promover a cultura e o com\u00e9rcio local, fortalecendo os la\u00e7os comunit\u00e1rios e atraindo turistas de diversas localidades&#8221;, destacou o gestor.<\/p>\n\n\n\n<p>Para aqueles que moram fora do munic\u00edpio e desejam aproveitar os tr\u00eas dias de festa, \u00e9 aconselh\u00e1vel realizar o agendamento de hospedagem com anteced\u00eancia, j\u00e1 que a expectativa \u00e9 de lota\u00e7\u00e3o m\u00e1xima nos estabelecimentos da cidade. &#8220;A expectativa para esse final de semana \u00e9 de 100% de ocupa\u00e7\u00e3o dos leitos&#8221;, afirmou Carlos Alberto Mino, propriet\u00e1rio da Pousada do Bosque.<\/p>\n\n\n\n<p>Com a cidade se preparando para receber os convidados, a popula\u00e7\u00e3o local demonstra grande alegria e entusiasmo, pronta para celebrar um dos maiores eventos festivos da regi\u00e3o.<\/p>\n","protected":false},"excerpt":{"rendered":"<p>No pr\u00f3ximo dia 6 de junho, a cidade de Itaju\u00edpe dar\u00e1 in\u00edcio \u00e0 s\u00e9tima edi\u00e7\u00e3o do tradicional Mica Pedro dos Lagos, um evento que se consolidou como um dos principais&#8230;<\/p>\n","protected":false},"author":1,"featured_media":29140,"comment_status":"open","ping_status":"open","sticky":false,"template":"","format":"standard","meta":{"_editorskit_title_hidden":false,"_editorskit_reading_time":0,"_editorskit_is_block_options_detached":false,"_editorskit_block_options_position":"{}","om_disable_all_campaigns":false,"_mi_skip_tracking":false,"_kad_post_transparent":"","_kad_post_title":"","_kad_post_layout":"","_kad_post_sidebar_id":"","_kad_post_content_style":"","_kad_post_vertical_padding":"","_kad_post_feature":"","_kad_post_feature_position":"","_kad_post_header":false,"_kad_post_footer":false,"footnotes":""},"categories":[37],"tags":[42,80],"class_list":["post-29138","post","type-post","status-publish","format-standard","has-post-thumbnail","hentry","category-cultura","tag-bahia","tag-itajuipe"],"yoast_head":"<!-- This site is optimized with the Yoast SEO plugin v20.5 - https:\/\/yoast.com\/wordpress\/plugins\/seo\/ -->\n<title>Mica Pedro dos Lagos: Abertura da s\u00e9tima edi\u00e7\u00e3o promete agitar a regi\u00e3o - blog do er\u00ea<\/title>\n<meta name=\"robots\" content=\"index, follow, max-snippet:-1, max-image-preview:large, max-video-preview:-1\" \/>\n<link rel=\"canonical\" href=\"https:\/\/blogdoere.com.br\/?p=29138\" \/>\n<meta property=\"og:locale\" content=\"pt_PT\" \/>\n<meta property=\"og:type\" content=\"article\" \/>\n<meta property=\"og:title\" content=\"Mica Pedro dos Lagos: Abertura da s\u00e9tima edi\u00e7\u00e3o promete agitar a regi\u00e3o - blog do er\u00ea\" \/>\n<meta property=\"og:description\" content=\"No pr\u00f3ximo dia 6 de junho, a cidade de Itaju\u00edpe dar\u00e1 in\u00edcio \u00e0 s\u00e9tima edi\u00e7\u00e3o do tradicional Mica Pedro dos Lagos, um evento que se consolidou como um dos principais...\" \/>\n<meta property=\"og:url\" content=\"https:\/\/blogdoere.com.br\/?p=29138\" \/>\n<meta property=\"og:site_name\" content=\"blog do er\u00ea\" \/>\n<meta property=\"article:published_time\" content=\"2025-05-25T21:53:17+00:00\" \/>\n<meta property=\"article:modified_time\" content=\"2025-05-26T17:55:50+00:00\" \/>\n<meta property=\"og:image\" content=\"https:\/\/blogdoere.com.br\/wp-content\/uploads\/2025\/05\/IMG-20250523-WA0163.jpg\" \/>\n\t<meta property=\"og:image:width\" content=\"1080\" \/>\n\t<meta property=\"og:image:height\" content=\"1262\" \/>\n\t<meta property=\"og:image:type\" content=\"image\/jpeg\" \/>\n<meta name=\"author\" content=\"blogdoere@hotmail.com\" \/>\n<meta name=\"twitter:card\" content=\"summary_large_image\" \/>\n<meta name=\"twitter:label1\" content=\"Escrito por\" \/>\n\t<meta name=\"twitter:data1\" content=\"blogdoere@hotmail.com\" \/>\n\t<meta name=\"twitter:label2\" content=\"Tempo estimado de leitura\" \/>\n\t<meta name=\"twitter:data2\" content=\"2 minutos\" \/>\n<script type=\"application\/ld+json\" class=\"yoast-schema-graph\">{\"@context\":\"https:\/\/schema.org\",\"@graph\":[{\"@type\":\"Article\",\"@id\":\"https:\/\/blogdoere.com.br\/?p=29138#article\",\"isPartOf\":{\"@id\":\"https:\/\/blogdoere.com.br\/?p=29138\"},\"author\":{\"name\":\"blogdoere@hotmail.com\",\"@id\":\"https:\/\/blogdoere.com.br\/#\/schema\/person\/c4f6d566a44c7bacdda563667715d18b\"},\"headline\":\"Mica Pedro dos Lagos: Abertura da s\u00e9tima edi\u00e7\u00e3o promete agitar a regi\u00e3o\",\"datePublished\":\"2025-05-25T21:53:17+00:00\",\"dateModified\":\"2025-05-26T17:55:50+00:00\",\"mainEntityOfPage\":{\"@id\":\"https:\/\/blogdoere.com.br\/?p=29138\"},\"wordCount\":316,\"commentCount\":0,\"publisher\":{\"@id\":\"https:\/\/blogdoere.com.br\/#organization\"},\"keywords\":[\"Bahia\",\"itajuipe\"],\"articleSection\":[\"Cultura\"],\"inLanguage\":\"pt-PT\",\"potentialAction\":[{\"@type\":\"CommentAction\",\"name\":\"Comment\",\"target\":[\"https:\/\/blogdoere.com.br\/?p=29138#respond\"]}]},{\"@type\":\"WebPage\",\"@id\":\"https:\/\/blogdoere.com.br\/?p=29138\",\"url\":\"https:\/\/blogdoere.com.br\/?p=29138\",\"name\":\"Mica Pedro dos Lagos: Abertura da s\u00e9tima edi\u00e7\u00e3o promete agitar a regi\u00e3o - blog do er\u00ea\",\"isPartOf\":{\"@id\":\"https:\/\/blogdoere.com.br\/#website\"},\"datePublished\":\"2025-05-25T21:53:17+00:00\",\"dateModified\":\"2025-05-26T17:55:50+00:00\",\"breadcrumb\":{\"@id\":\"https:\/\/blogdoere.com.br\/?p=29138#breadcrumb\"},\"inLanguage\":\"pt-PT\",\"potentialAction\":[{\"@type\":\"ReadAction\",\"target\":[\"https:\/\/blogdoere.com.br\/?p=29138\"]}]},{\"@type\":\"BreadcrumbList\",\"@id\":\"https:\/\/blogdoere.com.br\/?p=29138#breadcrumb\",\"itemListElement\":[{\"@type\":\"ListItem\",\"position\":1,\"name\":\"In\u00edcio\",\"item\":\"https:\/\/blogdoere.com.br\/\"},{\"@type\":\"ListItem\",\"position\":2,\"name\":\"Mica Pedro dos Lagos: Abertura da s\u00e9tima edi\u00e7\u00e3o promete agitar a regi\u00e3o\"}]},{\"@type\":\"WebSite\",\"@id\":\"https:\/\/blogdoere.com.br\/#website\",\"url\":\"https:\/\/blogdoere.com.br\/\",\"name\":\"blog do er\u00ea\",\"description\":\"\",\"publisher\":{\"@id\":\"https:\/\/blogdoere.com.br\/#organization\"},\"potentialAction\":[{\"@type\":\"SearchAction\",\"target\":{\"@type\":\"EntryPoint\",\"urlTemplate\":\"https:\/\/blogdoere.com.br\/?s={search_term_string}\"},\"query-input\":\"required name=search_term_string\"}],\"inLanguage\":\"pt-PT\"},{\"@type\":\"Organization\",\"@id\":\"https:\/\/blogdoere.com.br\/#organization\",\"name\":\"Blog do Er\u00ea\",\"url\":\"https:\/\/blogdoere.com.br\/\",\"logo\":{\"@type\":\"ImageObject\",\"inLanguage\":\"pt-PT\",\"@id\":\"https:\/\/blogdoere.com.br\/#\/schema\/logo\/image\/\",\"url\":\"https:\/\/blogdoere.com.br\/wp-content\/uploads\/2021\/11\/Logo-Ere-1.png\",\"contentUrl\":\"https:\/\/blogdoere.com.br\/wp-content\/uploads\/2021\/11\/Logo-Ere-1.png\",\"width\":1261,\"height\":1330,\"caption\":\"Blog do Er\u00ea\"},\"image\":{\"@id\":\"https:\/\/blogdoere.com.br\/#\/schema\/logo\/image\/\"}},{\"@type\":\"Person\",\"@id\":\"https:\/\/blogdoere.com.br\/#\/schema\/person\/c4f6d566a44c7bacdda563667715d18b\",\"name\":\"blogdoere@hotmail.com\",\"image\":{\"@type\":\"ImageObject\",\"inLanguage\":\"pt-PT\",\"@id\":\"https:\/\/blogdoere.com.br\/#\/schema\/person\/image\/\",\"url\":\"https:\/\/secure.gravatar.com\/avatar\/5684bd39df1289cb639b4ab539d6fcad69420e4a29521548fc078c58ed122fe6?s=96&d=mm&r=g\",\"contentUrl\":\"https:\/\/secure.gravatar.com\/avatar\/5684bd39df1289cb639b4ab539d6fcad69420e4a29521548fc078c58ed122fe6?s=96&d=mm&r=g\",\"caption\":\"blogdoere@hotmail.com\"},\"sameAs\":[\"http:\/\/blogdoere.com.br\"]}]}<\/script>\n<!-- \/ Yoast SEO plugin. -->","yoast_head_json":{"title":"Mica Pedro dos Lagos: Abertura da s\u00e9tima edi\u00e7\u00e3o promete agitar a regi\u00e3o - blog do er\u00ea","robots":{"index":"index","follow":"follow","max-snippet":"max-snippet:-1","max-image-preview":"max-image-preview:large","max-video-preview":"max-video-preview:-1"},"canonical":"https:\/\/blogdoere.com.br\/?p=29138","og_locale":"pt_PT","og_type":"article","og_title":"Mica Pedro dos Lagos: Abertura da s\u00e9tima edi\u00e7\u00e3o promete agitar a regi\u00e3o - blog do er\u00ea","og_description":"No pr\u00f3ximo dia 6 de junho, a cidade de Itaju\u00edpe dar\u00e1 in\u00edcio \u00e0 s\u00e9tima edi\u00e7\u00e3o do tradicional Mica Pedro dos Lagos, um evento que se consolidou como um dos principais...","og_url":"https:\/\/blogdoere.com.br\/?p=29138","og_site_name":"blog do er\u00ea","article_published_time":"2025-05-25T21:53:17+00:00","article_modified_time":"2025-05-26T17:55:50+00:00","og_image":[{"width":1080,"height":1262,"url":"https:\/\/blogdoere.com.br\/wp-content\/uploads\/2025\/05\/IMG-20250523-WA0163.jpg","type":"image\/jpeg"}],"author":"blogdoere@hotmail.com","twitter_card":"summary_large_image","twitter_misc":{"Escrito por":"blogdoere@hotmail.com","Tempo estimado de leitura":"2 minutos"},"schema":{"@context":"https:\/\/schema.org","@graph":[{"@type":"Article","@id":"https:\/\/blogdoere.com.br\/?p=29138#article","isPartOf":{"@id":"https:\/\/blogdoere.com.br\/?p=29138"},"author":{"name":"blogdoere@hotmail.com","@id":"https:\/\/blogdoere.com.br\/#\/schema\/person\/c4f6d566a44c7bacdda563667715d18b"},"headline":"Mica Pedro dos Lagos: Abertura da s\u00e9tima edi\u00e7\u00e3o promete agitar a regi\u00e3o","datePublished":"2025-05-25T21:53:17+00:00","dateModified":"2025-05-26T17:55:50+00:00","mainEntityOfPage":{"@id":"https:\/\/blogdoere.com.br\/?p=29138"},"wordCount":316,"commentCount":0,"publisher":{"@id":"https:\/\/blogdoere.com.br\/#organization"},"keywords":["Bahia","itajuipe"],"articleSection":["Cultura"],"inLanguage":"pt-PT","potentialAction":[{"@type":"CommentAction","name":"Comment","target":["https:\/\/blogdoere.com.br\/?p=29138#respond"]}]},{"@type":"WebPage","@id":"https:\/\/blogdoere.com.br\/?p=29138","url":"https:\/\/blogdoere.com.br\/?p=29138","name":"Mica Pedro dos Lagos: Abertura da s\u00e9tima edi\u00e7\u00e3o promete agitar a regi\u00e3o - blog do er\u00ea","isPartOf":{"@id":"https:\/\/blogdoere.com.br\/#website"},"datePublished":"2025-05-25T21:53:17+00:00","dateModified":"2025-05-26T17:55:50+00:00","breadcrumb":{"@id":"https:\/\/blogdoere.com.br\/?p=29138#breadcrumb"},"inLanguage":"pt-PT","potentialAction":[{"@type":"ReadAction","target":["https:\/\/blogdoere.com.br\/?p=29138"]}]},{"@type":"BreadcrumbList","@id":"https:\/\/blogdoere.com.br\/?p=29138#breadcrumb","itemListElement":[{"@type":"ListItem","position":1,"name":"In\u00edcio","item":"https:\/\/blogdoere.com.br\/"},{"@type":"ListItem","position":2,"name":"Mica Pedro dos Lagos: Abertura da s\u00e9tima edi\u00e7\u00e3o promete agitar a regi\u00e3o"}]},{"@type":"WebSite","@id":"https:\/\/blogdoere.com.br\/#website","url":"https:\/\/blogdoere.com.br\/","name":"blog do er\u00ea","description":"","publisher":{"@id":"https:\/\/blogdoere.com.br\/#organization"},"potentialAction":[{"@type":"SearchAction","target":{"@type":"EntryPoint","urlTemplate":"https:\/\/blogdoere.com.br\/?s={search_term_string}"},"query-input":"required name=search_term_string"}],"inLanguage":"pt-PT"},{"@type":"Organization","@id":"https:\/\/blogdoere.com.br\/#organization","name":"Blog do Er\u00ea","url":"https:\/\/blogdoere.com.br\/","logo":{"@type":"ImageObject","inLanguage":"pt-PT","@id":"https:\/\/blogdoere.com.br\/#\/schema\/logo\/image\/","url":"https:\/\/blogdoere.com.br\/wp-content\/uploads\/2021\/11\/Logo-Ere-1.png","contentUrl":"https:\/\/blogdoere.com.br\/wp-content\/uploads\/2021\/11\/Logo-Ere-1.png","width":1261,"height":1330,"caption":"Blog do Er\u00ea"},"image":{"@id":"https:\/\/blogdoere.com.br\/#\/schema\/logo\/image\/"}},{"@type":"Person","@id":"https:\/\/blogdoere.com.br\/#\/schema\/person\/c4f6d566a44c7bacdda563667715d18b","name":"blogdoere@hotmail.com","image":{"@type":"ImageObject","inLanguage":"pt-PT","@id":"https:\/\/blogdoere.com.br\/#\/schema\/person\/image\/","url":"https:\/\/secure.gravatar.com\/avatar\/5684bd39df1289cb639b4ab539d6fcad69420e4a29521548fc078c58ed122fe6?s=96&d=mm&r=g","contentUrl":"https:\/\/secure.gravatar.com\/avatar\/5684bd39df1289cb639b4ab539d6fcad69420e4a29521548fc078c58ed122fe6?s=96&d=mm&r=g","caption":"blogdoere@hotmail.com"},"sameAs":["http:\/\/blogdoere.com.br"]}]}},"featured_image_urls":{"full":["https:\/\/blogdoere.com.br\/wp-content\/uploads\/2025\/05\/IMG-20250523-WA0163.jpg",1080,1262,false],"thumbnail":["https:\/\/blogdoere.com.br\/wp-content\/uploads\/2025\/05\/IMG-20250523-WA0163-150x150.jpg",150,150,true],"medium":["https:\/\/blogdoere.com.br\/wp-content\/uploads\/2025\/05\/IMG-20250523-WA0163-257x300.jpg",257,300,true],"medium_large":["https:\/\/blogdoere.com.br\/wp-content\/uploads\/2025\/05\/IMG-20250523-WA0163-768x897.jpg",768,897,true],"large":["https:\/\/blogdoere.com.br\/wp-content\/uploads\/2025\/05\/IMG-20250523-WA0163-876x1024.jpg",876,1024,true],"1536x1536":["https:\/\/blogdoere.com.br\/wp-content\/uploads\/2025\/05\/IMG-20250523-WA0163.jpg",1080,1262,false],"2048x2048":["https:\/\/blogdoere.com.br\/wp-content\/uploads\/2025\/05\/IMG-20250523-WA0163.jpg",1080,1262,false]},"author_info":{"display_name":"blogdoere@hotmail.com","author_link":"https:\/\/blogdoere.com.br\/?author=1"},"category_info":"<a href=\"https:\/\/blogdoere.com.br\/?cat=37\" rel=\"category\">Cultura<\/a>","tag_info":"Cultura","comment_count":"0","_links":{"self":[{"href":"https:\/\/blogdoere.com.br\/index.php?rest_route=\/wp\/v2\/posts\/29138","targetHints":{"allow":["GET"]}}],"collection":[{"href":"https:\/\/blogdoere.com.br\/index.php?rest_route=\/wp\/v2\/posts"}],"about":[{"href":"https:\/\/blogdoere.com.br\/index.php?rest_route=\/wp\/v2\/types\/post"}],"author":[{"embeddable":true,"href":"https:\/\/blogdoere.com.br\/index.php?rest_route=\/wp\/v2\/users\/1"}],"replies":[{"embeddable":true,"href":"https:\/\/blogdoere.com.br\/index.php?rest_route=%2Fwp%2Fv2%2Fcomments&post=29138"}],"version-history":[{"count":2,"href":"https:\/\/blogdoere.com.br\/index.php?rest_route=\/wp\/v2\/posts\/29138\/revisions"}],"predecessor-version":[{"id":29143,"href":"https:\/\/blogdoere.com.br\/index.php?rest_route=\/wp\/v2\/posts\/29138\/revisions\/29143"}],"wp:featuredmedia":[{"embeddable":true,"href":"https:\/\/blogdoere.com.br\/index.php?rest_route=\/wp\/v2\/media\/29140"}],"wp:attachment":[{"href":"https:\/\/blogdoere.com.br\/index.php?rest_route=%2Fwp%2Fv2%2Fmedia&parent=29138"}],"wp:term":[{"taxonomy":"category","embeddable":true,"href":"https:\/\/blogdoere.com.br\/index.php?rest_route=%2Fwp%2Fv2%2Fcategories&post=29138"},{"taxonomy":"post_tag","embeddable":true,"href":"https:\/\/blogdoere.com.br\/index.php?rest_route=%2Fwp%2Fv2%2Ftags&post=29138"}],"curies":[{"name":"wp","href":"https:\/\/api.w.org\/{rel}","templated":true}]}}