{"id":29157,"date":"2025-08-29T00:34:30","date_gmt":"2025-08-29T00:34:30","guid":{"rendered":"https:\/\/blogdoere.com.br\/?p=29157"},"modified":"2025-08-29T01:51:28","modified_gmt":"2025-08-29T01:51:28","slug":"itajuipe-camara-devolvera-simbolicamente-mandato-de-vereador-cassado-na-ditadura-militar","status":"publish","type":"post","link":"https:\/\/blogdoere.com.br\/?p=29157","title":{"rendered":"Itaju\u00edpe: C\u00e2mara Devolver\u00e1 Simbolicamente Mandato de Vereador Cassado pela Ditadura Militar"},"content":{"rendered":"\n<figure class=\"wp-block-image size-large\"><img decoding=\"async\" width=\"1024\" height=\"859\" src=\"https:\/\/blogdoere.com.br\/wp-content\/uploads\/2025\/08\/IMG-20250828-WA0215-1024x859.jpg\" alt=\"\" class=\"wp-image-29165\" srcset=\"https:\/\/blogdoere.com.br\/wp-content\/uploads\/2025\/08\/IMG-20250828-WA0215-1024x859.jpg 1024w, https:\/\/blogdoere.com.br\/wp-content\/uploads\/2025\/08\/IMG-20250828-WA0215-300x252.jpg 300w, https:\/\/blogdoere.com.br\/wp-content\/uploads\/2025\/08\/IMG-20250828-WA0215-768x644.jpg 768w, https:\/\/blogdoere.com.br\/wp-content\/uploads\/2025\/08\/IMG-20250828-WA0215.jpg 1072w\" sizes=\"(max-width: 1024px) 100vw, 1024px\" \/><\/figure>\n\n\n\n<p>No dia 19 de setembro de 2025, a C\u00e2mara Municipal de Itaju\u00edpe realizar\u00e1 uma sess\u00e3o especial para a devolu\u00e7\u00e3o simb\u00f3lica do mandato do ex-vereador Clodualdo Cardoso, que foi cassado em 1964, durante o Golpe Militar. Este ato, in\u00e9dito na hist\u00f3ria do munic\u00edpio, reveste-se de grande relev\u00e2ncia hist\u00f3rica, pol\u00edtica e institucional.<\/p>\n\n\n\n<p>A iniciativa foi motivada por um of\u00edcio enviado pelo mestre em hist\u00f3ria pela Universidade do Estado da Bahia,  Igor G\u00f3es, que conduziu uma pesquisa sobre Clodualdo e destacou a import\u00e2ncia de reparar simbolicamente a injusti\u00e7a da cassa\u00e7\u00e3o ocorrida no per\u00edodo autorit\u00e1rio da hist\u00f3ria brasileira.<\/p>\n\n\n<div class=\"wp-block-image\">\n<figure class=\"aligncenter size-full\"><img decoding=\"async\" width=\"1080\" height=\"841\" src=\"https:\/\/blogdoere.com.br\/wp-content\/uploads\/2025\/08\/1756431809567.jpg\" alt=\"\" class=\"wp-image-29172\" srcset=\"https:\/\/blogdoere.com.br\/wp-content\/uploads\/2025\/08\/1756431809567.jpg 1080w, https:\/\/blogdoere.com.br\/wp-content\/uploads\/2025\/08\/1756431809567-300x234.jpg 300w, https:\/\/blogdoere.com.br\/wp-content\/uploads\/2025\/08\/1756431809567-1024x797.jpg 1024w, https:\/\/blogdoere.com.br\/wp-content\/uploads\/2025\/08\/1756431809567-768x598.jpg 768w\" sizes=\"(max-width: 1080px) 100vw, 1080px\" \/><figcaption class=\"wp-element-caption\"><strong>Comit\u00ea de emancipa\u00e7\u00e3o de Itajuipe,1952, Clodualdo Cardoso o terceiro da esquerda para a direita.<\/strong><\/figcaption><\/figure>\n<\/div>\n\n\n<p>A cerim\u00f4nia n\u00e3o apenas reconhecer\u00e1 publicamente uma injusti\u00e7a, mas tamb\u00e9m servir\u00e1 como um resgate da mem\u00f3ria e um fortalecimento dos valores democr\u00e1ticos. Essa a\u00e7\u00e3o se alinha a movimentos nacionais de repara\u00e7\u00e3o simb\u00f3lica, inspirados pela Comiss\u00e3o Nacional da Verdade, que exp\u00f4s as graves viola\u00e7\u00f5es de direitos humanos durante a ditadura (1964-1985).<\/p>\n\n\n\n<p>O ato ser\u00e1 formalizado por meio de um Decreto Legislativo, conforme prev\u00ea o Regimento Interno da C\u00e2mara Municipal, que destina esse instrumento a homenagens e reconhecimentos a pessoas que contribu\u00edram de maneira significativa para o munic\u00edpio. O tema foi abordado no podcast &#8220;Ponto X&#8221; na \u00faltima quarta-feira, 27 de agosto, com a participa\u00e7\u00e3o do historiador Igor G\u00f3es e o presidente da C\u00e2mara, Ivan Jr. <\/p>\n\n\n\n<p>A sess\u00e3o solene ser\u00e1 um evento p\u00fablico, marcado para \u00e0s 9h na sede da C\u00e2mara Municipal, e promete ser um momento hist\u00f3rico para Itaju\u00edpe, onde mem\u00f3ria e democracia se unir\u00e3o para corrigir uma injusti\u00e7a do passado.<\/p>\n\n\n\n<p><strong>Informa\u00e7\u00f5es do Evento:<br>O qu\u00ea:<\/strong><\/p>\n\n\n\n<p>Sess\u00e3o especial de devolu\u00e7\u00e3o simb\u00f3lica do mandato do ex-vereador Clodualdo Cardoso<\/p>\n\n\n\n<p><strong>Quando: <\/strong><\/p>\n\n\n\n<p>19 de setembro de 2025, \u00e0s 9h<\/p>\n\n\n\n<p><strong>Onde:<\/strong> C\u00e2mara Municipal de Itaju\u00edpe<\/p>\n\n\n\n<p><\/p>\n","protected":false},"excerpt":{"rendered":"<p>No dia 19 de setembro de 2025, a C\u00e2mara Municipal de Itaju\u00edpe realizar\u00e1 uma sess\u00e3o especial para a devolu\u00e7\u00e3o simb\u00f3lica do mandato do ex-vereador Clodualdo Cardoso, que foi cassado em&#8230;<\/p>\n","protected":false},"author":1,"featured_media":29165,"comment_status":"open","ping_status":"open","sticky":false,"template":"","format":"standard","meta":{"_editorskit_title_hidden":false,"_editorskit_reading_time":0,"_editorskit_is_block_options_detached":false,"_editorskit_block_options_position":"{}","om_disable_all_campaigns":false,"_mi_skip_tracking":false,"_kad_post_transparent":"","_kad_post_title":"","_kad_post_layout":"","_kad_post_sidebar_id":"","_kad_post_content_style":"","_kad_post_vertical_padding":"","_kad_post_feature":"","_kad_post_feature_position":"","_kad_post_header":false,"_kad_post_footer":false,"footnotes":""},"categories":[84],"tags":[42,80],"class_list":["post-29157","post","type-post","status-publish","format-standard","has-post-thumbnail","hentry","category-itajuipe","tag-bahia","tag-itajuipe"],"yoast_head":"<!-- This site is optimized with the Yoast SEO plugin v20.5 - https:\/\/yoast.com\/wordpress\/plugins\/seo\/ -->\n<title>Itaju\u00edpe: C\u00e2mara Devolver\u00e1 Simbolicamente Mandato de Vereador Cassado pela Ditadura Militar - blog do er\u00ea<\/title>\n<meta name=\"robots\" content=\"index, follow, max-snippet:-1, max-image-preview:large, max-video-preview:-1\" \/>\n<link rel=\"canonical\" href=\"https:\/\/blogdoere.com.br\/?p=29157\" \/>\n<meta property=\"og:locale\" content=\"pt_PT\" \/>\n<meta property=\"og:type\" content=\"article\" \/>\n<meta property=\"og:title\" content=\"Itaju\u00edpe: C\u00e2mara Devolver\u00e1 Simbolicamente Mandato de Vereador Cassado pela Ditadura Militar - blog do er\u00ea\" \/>\n<meta property=\"og:description\" content=\"No dia 19 de setembro de 2025, a C\u00e2mara Municipal de Itaju\u00edpe realizar\u00e1 uma sess\u00e3o especial para a devolu\u00e7\u00e3o simb\u00f3lica do mandato do ex-vereador Clodualdo Cardoso, que foi cassado em...\" \/>\n<meta property=\"og:url\" content=\"https:\/\/blogdoere.com.br\/?p=29157\" \/>\n<meta property=\"og:site_name\" content=\"blog do er\u00ea\" \/>\n<meta property=\"article:published_time\" content=\"2025-08-29T00:34:30+00:00\" \/>\n<meta property=\"article:modified_time\" content=\"2025-08-29T01:51:28+00:00\" \/>\n<meta property=\"og:image\" content=\"https:\/\/blogdoere.com.br\/wp-content\/uploads\/2025\/08\/IMG-20250828-WA0215.jpg\" \/>\n\t<meta property=\"og:image:width\" content=\"1072\" \/>\n\t<meta property=\"og:image:height\" content=\"899\" \/>\n\t<meta property=\"og:image:type\" content=\"image\/jpeg\" \/>\n<meta name=\"author\" content=\"blogdoere@hotmail.com\" \/>\n<meta name=\"twitter:card\" content=\"summary_large_image\" \/>\n<meta name=\"twitter:label1\" content=\"Escrito por\" \/>\n\t<meta name=\"twitter:data1\" content=\"blogdoere@hotmail.com\" \/>\n\t<meta name=\"twitter:label2\" content=\"Tempo estimado de leitura\" \/>\n\t<meta name=\"twitter:data2\" content=\"2 minutos\" \/>\n<script type=\"application\/ld+json\" class=\"yoast-schema-graph\">{\"@context\":\"https:\/\/schema.org\",\"@graph\":[{\"@type\":\"Article\",\"@id\":\"https:\/\/blogdoere.com.br\/?p=29157#article\",\"isPartOf\":{\"@id\":\"https:\/\/blogdoere.com.br\/?p=29157\"},\"author\":{\"name\":\"blogdoere@hotmail.com\",\"@id\":\"https:\/\/blogdoere.com.br\/#\/schema\/person\/c4f6d566a44c7bacdda563667715d18b\"},\"headline\":\"Itaju\u00edpe: C\u00e2mara Devolver\u00e1 Simbolicamente Mandato de Vereador Cassado pela Ditadura Militar\",\"datePublished\":\"2025-08-29T00:34:30+00:00\",\"dateModified\":\"2025-08-29T01:51:28+00:00\",\"mainEntityOfPage\":{\"@id\":\"https:\/\/blogdoere.com.br\/?p=29157\"},\"wordCount\":347,\"commentCount\":0,\"publisher\":{\"@id\":\"https:\/\/blogdoere.com.br\/#organization\"},\"keywords\":[\"Bahia\",\"itajuipe\"],\"articleSection\":[\"Itaju\u00edpe\"],\"inLanguage\":\"pt-PT\",\"potentialAction\":[{\"@type\":\"CommentAction\",\"name\":\"Comment\",\"target\":[\"https:\/\/blogdoere.com.br\/?p=29157#respond\"]}]},{\"@type\":\"WebPage\",\"@id\":\"https:\/\/blogdoere.com.br\/?p=29157\",\"url\":\"https:\/\/blogdoere.com.br\/?p=29157\",\"name\":\"Itaju\u00edpe: C\u00e2mara Devolver\u00e1 Simbolicamente Mandato de Vereador Cassado pela Ditadura Militar - blog do er\u00ea\",\"isPartOf\":{\"@id\":\"https:\/\/blogdoere.com.br\/#website\"},\"datePublished\":\"2025-08-29T00:34:30+00:00\",\"dateModified\":\"2025-08-29T01:51:28+00:00\",\"breadcrumb\":{\"@id\":\"https:\/\/blogdoere.com.br\/?p=29157#breadcrumb\"},\"inLanguage\":\"pt-PT\",\"potentialAction\":[{\"@type\":\"ReadAction\",\"target\":[\"https:\/\/blogdoere.com.br\/?p=29157\"]}]},{\"@type\":\"BreadcrumbList\",\"@id\":\"https:\/\/blogdoere.com.br\/?p=29157#breadcrumb\",\"itemListElement\":[{\"@type\":\"ListItem\",\"position\":1,\"name\":\"In\u00edcio\",\"item\":\"https:\/\/blogdoere.com.br\/\"},{\"@type\":\"ListItem\",\"position\":2,\"name\":\"Itaju\u00edpe: C\u00e2mara Devolver\u00e1 Simbolicamente Mandato de Vereador Cassado pela Ditadura Militar\"}]},{\"@type\":\"WebSite\",\"@id\":\"https:\/\/blogdoere.com.br\/#website\",\"url\":\"https:\/\/blogdoere.com.br\/\",\"name\":\"blog do er\u00ea\",\"description\":\"\",\"publisher\":{\"@id\":\"https:\/\/blogdoere.com.br\/#organization\"},\"potentialAction\":[{\"@type\":\"SearchAction\",\"target\":{\"@type\":\"EntryPoint\",\"urlTemplate\":\"https:\/\/blogdoere.com.br\/?s={search_term_string}\"},\"query-input\":\"required name=search_term_string\"}],\"inLanguage\":\"pt-PT\"},{\"@type\":\"Organization\",\"@id\":\"https:\/\/blogdoere.com.br\/#organization\",\"name\":\"Blog do Er\u00ea\",\"url\":\"https:\/\/blogdoere.com.br\/\",\"logo\":{\"@type\":\"ImageObject\",\"inLanguage\":\"pt-PT\",\"@id\":\"https:\/\/blogdoere.com.br\/#\/schema\/logo\/image\/\",\"url\":\"https:\/\/blogdoere.com.br\/wp-content\/uploads\/2021\/11\/Logo-Ere-1.png\",\"contentUrl\":\"https:\/\/blogdoere.com.br\/wp-content\/uploads\/2021\/11\/Logo-Ere-1.png\",\"width\":1261,\"height\":1330,\"caption\":\"Blog do Er\u00ea\"},\"image\":{\"@id\":\"https:\/\/blogdoere.com.br\/#\/schema\/logo\/image\/\"}},{\"@type\":\"Person\",\"@id\":\"https:\/\/blogdoere.com.br\/#\/schema\/person\/c4f6d566a44c7bacdda563667715d18b\",\"name\":\"blogdoere@hotmail.com\",\"image\":{\"@type\":\"ImageObject\",\"inLanguage\":\"pt-PT\",\"@id\":\"https:\/\/blogdoere.com.br\/#\/schema\/person\/image\/\",\"url\":\"https:\/\/secure.gravatar.com\/avatar\/5684bd39df1289cb639b4ab539d6fcad69420e4a29521548fc078c58ed122fe6?s=96&d=mm&r=g\",\"contentUrl\":\"https:\/\/secure.gravatar.com\/avatar\/5684bd39df1289cb639b4ab539d6fcad69420e4a29521548fc078c58ed122fe6?s=96&d=mm&r=g\",\"caption\":\"blogdoere@hotmail.com\"},\"sameAs\":[\"http:\/\/blogdoere.com.br\"]}]}<\/script>\n<!-- \/ Yoast SEO plugin. -->","yoast_head_json":{"title":"Itaju\u00edpe: C\u00e2mara Devolver\u00e1 Simbolicamente Mandato de Vereador Cassado pela Ditadura Militar - blog do er\u00ea","robots":{"index":"index","follow":"follow","max-snippet":"max-snippet:-1","max-image-preview":"max-image-preview:large","max-video-preview":"max-video-preview:-1"},"canonical":"https:\/\/blogdoere.com.br\/?p=29157","og_locale":"pt_PT","og_type":"article","og_title":"Itaju\u00edpe: C\u00e2mara Devolver\u00e1 Simbolicamente Mandato de Vereador Cassado pela Ditadura Militar - blog do er\u00ea","og_description":"No dia 19 de setembro de 2025, a C\u00e2mara Municipal de Itaju\u00edpe realizar\u00e1 uma sess\u00e3o especial para a devolu\u00e7\u00e3o simb\u00f3lica do mandato do ex-vereador Clodualdo Cardoso, que foi cassado em...","og_url":"https:\/\/blogdoere.com.br\/?p=29157","og_site_name":"blog do er\u00ea","article_published_time":"2025-08-29T00:34:30+00:00","article_modified_time":"2025-08-29T01:51:28+00:00","og_image":[{"width":1072,"height":899,"url":"https:\/\/blogdoere.com.br\/wp-content\/uploads\/2025\/08\/IMG-20250828-WA0215.jpg","type":"image\/jpeg"}],"author":"blogdoere@hotmail.com","twitter_card":"summary_large_image","twitter_misc":{"Escrito por":"blogdoere@hotmail.com","Tempo estimado de leitura":"2 minutos"},"schema":{"@context":"https:\/\/schema.org","@graph":[{"@type":"Article","@id":"https:\/\/blogdoere.com.br\/?p=29157#article","isPartOf":{"@id":"https:\/\/blogdoere.com.br\/?p=29157"},"author":{"name":"blogdoere@hotmail.com","@id":"https:\/\/blogdoere.com.br\/#\/schema\/person\/c4f6d566a44c7bacdda563667715d18b"},"headline":"Itaju\u00edpe: C\u00e2mara Devolver\u00e1 Simbolicamente Mandato de Vereador Cassado pela Ditadura Militar","datePublished":"2025-08-29T00:34:30+00:00","dateModified":"2025-08-29T01:51:28+00:00","mainEntityOfPage":{"@id":"https:\/\/blogdoere.com.br\/?p=29157"},"wordCount":347,"commentCount":0,"publisher":{"@id":"https:\/\/blogdoere.com.br\/#organization"},"keywords":["Bahia","itajuipe"],"articleSection":["Itaju\u00edpe"],"inLanguage":"pt-PT","potentialAction":[{"@type":"CommentAction","name":"Comment","target":["https:\/\/blogdoere.com.br\/?p=29157#respond"]}]},{"@type":"WebPage","@id":"https:\/\/blogdoere.com.br\/?p=29157","url":"https:\/\/blogdoere.com.br\/?p=29157","name":"Itaju\u00edpe: C\u00e2mara Devolver\u00e1 Simbolicamente Mandato de Vereador Cassado pela Ditadura Militar - blog do er\u00ea","isPartOf":{"@id":"https:\/\/blogdoere.com.br\/#website"},"datePublished":"2025-08-29T00:34:30+00:00","dateModified":"2025-08-29T01:51:28+00:00","breadcrumb":{"@id":"https:\/\/blogdoere.com.br\/?p=29157#breadcrumb"},"inLanguage":"pt-PT","potentialAction":[{"@type":"ReadAction","target":["https:\/\/blogdoere.com.br\/?p=29157"]}]},{"@type":"BreadcrumbList","@id":"https:\/\/blogdoere.com.br\/?p=29157#breadcrumb","itemListElement":[{"@type":"ListItem","position":1,"name":"In\u00edcio","item":"https:\/\/blogdoere.com.br\/"},{"@type":"ListItem","position":2,"name":"Itaju\u00edpe: C\u00e2mara Devolver\u00e1 Simbolicamente Mandato de Vereador Cassado pela Ditadura Militar"}]},{"@type":"WebSite","@id":"https:\/\/blogdoere.com.br\/#website","url":"https:\/\/blogdoere.com.br\/","name":"blog do er\u00ea","description":"","publisher":{"@id":"https:\/\/blogdoere.com.br\/#organization"},"potentialAction":[{"@type":"SearchAction","target":{"@type":"EntryPoint","urlTemplate":"https:\/\/blogdoere.com.br\/?s={search_term_string}"},"query-input":"required name=search_term_string"}],"inLanguage":"pt-PT"},{"@type":"Organization","@id":"https:\/\/blogdoere.com.br\/#organization","name":"Blog do Er\u00ea","url":"https:\/\/blogdoere.com.br\/","logo":{"@type":"ImageObject","inLanguage":"pt-PT","@id":"https:\/\/blogdoere.com.br\/#\/schema\/logo\/image\/","url":"https:\/\/blogdoere.com.br\/wp-content\/uploads\/2021\/11\/Logo-Ere-1.png","contentUrl":"https:\/\/blogdoere.com.br\/wp-content\/uploads\/2021\/11\/Logo-Ere-1.png","width":1261,"height":1330,"caption":"Blog do Er\u00ea"},"image":{"@id":"https:\/\/blogdoere.com.br\/#\/schema\/logo\/image\/"}},{"@type":"Person","@id":"https:\/\/blogdoere.com.br\/#\/schema\/person\/c4f6d566a44c7bacdda563667715d18b","name":"blogdoere@hotmail.com","image":{"@type":"ImageObject","inLanguage":"pt-PT","@id":"https:\/\/blogdoere.com.br\/#\/schema\/person\/image\/","url":"https:\/\/secure.gravatar.com\/avatar\/5684bd39df1289cb639b4ab539d6fcad69420e4a29521548fc078c58ed122fe6?s=96&d=mm&r=g","contentUrl":"https:\/\/secure.gravatar.com\/avatar\/5684bd39df1289cb639b4ab539d6fcad69420e4a29521548fc078c58ed122fe6?s=96&d=mm&r=g","caption":"blogdoere@hotmail.com"},"sameAs":["http:\/\/blogdoere.com.br"]}]}},"featured_image_urls":{"full":["https:\/\/blogdoere.com.br\/wp-content\/uploads\/2025\/08\/IMG-20250828-WA0215.jpg",1072,899,false],"thumbnail":["https:\/\/blogdoere.com.br\/wp-content\/uploads\/2025\/08\/IMG-20250828-WA0215-150x150.jpg",150,150,true],"medium":["https:\/\/blogdoere.com.br\/wp-content\/uploads\/2025\/08\/IMG-20250828-WA0215-300x252.jpg",300,252,true],"medium_large":["https:\/\/blogdoere.com.br\/wp-content\/uploads\/2025\/08\/IMG-20250828-WA0215-768x644.jpg",768,644,true],"large":["https:\/\/blogdoere.com.br\/wp-content\/uploads\/2025\/08\/IMG-20250828-WA0215-1024x859.jpg",1024,859,true],"1536x1536":["https:\/\/blogdoere.com.br\/wp-content\/uploads\/2025\/08\/IMG-20250828-WA0215.jpg",1072,899,false],"2048x2048":["https:\/\/blogdoere.com.br\/wp-content\/uploads\/2025\/08\/IMG-20250828-WA0215.jpg",1072,899,false]},"author_info":{"display_name":"blogdoere@hotmail.com","author_link":"https:\/\/blogdoere.com.br\/?author=1"},"category_info":"<a href=\"https:\/\/blogdoere.com.br\/?cat=84\" rel=\"category\">Itaju\u00edpe<\/a>","tag_info":"Itaju\u00edpe","comment_count":"0","_links":{"self":[{"href":"https:\/\/blogdoere.com.br\/index.php?rest_route=\/wp\/v2\/posts\/29157","targetHints":{"allow":["GET"]}}],"collection":[{"href":"https:\/\/blogdoere.com.br\/index.php?rest_route=\/wp\/v2\/posts"}],"about":[{"href":"https:\/\/blogdoere.com.br\/index.php?rest_route=\/wp\/v2\/types\/post"}],"author":[{"embeddable":true,"href":"https:\/\/blogdoere.com.br\/index.php?rest_route=\/wp\/v2\/users\/1"}],"replies":[{"embeddable":true,"href":"https:\/\/blogdoere.com.br\/index.php?rest_route=%2Fwp%2Fv2%2Fcomments&post=29157"}],"version-history":[{"count":8,"href":"https:\/\/blogdoere.com.br\/index.php?rest_route=\/wp\/v2\/posts\/29157\/revisions"}],"predecessor-version":[{"id":29175,"href":"https:\/\/blogdoere.com.br\/index.php?rest_route=\/wp\/v2\/posts\/29157\/revisions\/29175"}],"wp:featuredmedia":[{"embeddable":true,"href":"https:\/\/blogdoere.com.br\/index.php?rest_route=\/wp\/v2\/media\/29165"}],"wp:attachment":[{"href":"https:\/\/blogdoere.com.br\/index.php?rest_route=%2Fwp%2Fv2%2Fmedia&parent=29157"}],"wp:term":[{"taxonomy":"category","embeddable":true,"href":"https:\/\/blogdoere.com.br\/index.php?rest_route=%2Fwp%2Fv2%2Fcategories&post=29157"},{"taxonomy":"post_tag","embeddable":true,"href":"https:\/\/blogdoere.com.br\/index.php?rest_route=%2Fwp%2Fv2%2Ftags&post=29157"}],"curies":[{"name":"wp","href":"https:\/\/api.w.org\/{rel}","templated":true}]}}