{"id":29176,"date":"2025-08-30T13:41:37","date_gmt":"2025-08-30T13:41:37","guid":{"rendered":"https:\/\/blogdoere.com.br\/?p=29176"},"modified":"2025-08-30T13:46:16","modified_gmt":"2025-08-30T13:46:16","slug":"ponto-x-podcast-recebe-rafael-ribeiro-e-valmir-neres-no-proximo-episodio","status":"publish","type":"post","link":"https:\/\/blogdoere.com.br\/?p=29176","title":{"rendered":"Ponto X Podcast Recebe Rafael Ribeiro e Valmir Neres no Pr\u00f3ximo Epis\u00f3dio"},"content":{"rendered":"\n<figure class=\"wp-block-image size-large\"><img decoding=\"async\" width=\"690\" height=\"1024\" src=\"https:\/\/blogdoere.com.br\/wp-content\/uploads\/2025\/08\/IMG-20250830-WA0027-690x1024.jpg\" alt=\"\" class=\"wp-image-29177\" srcset=\"https:\/\/blogdoere.com.br\/wp-content\/uploads\/2025\/08\/IMG-20250830-WA0027-690x1024.jpg 690w, https:\/\/blogdoere.com.br\/wp-content\/uploads\/2025\/08\/IMG-20250830-WA0027-202x300.jpg 202w, https:\/\/blogdoere.com.br\/wp-content\/uploads\/2025\/08\/IMG-20250830-WA0027.jpg 749w\" sizes=\"(max-width: 690px) 100vw, 690px\" \/><figcaption class=\"wp-element-caption\"><strong>Na parte de cima, da esquerda para a direita: Rodrigo Borges e Er\u00ea; na parte de baixo, da esquerda para a direita: Valmir Neres e Rafael Ribeiro.<\/strong><\/figcaption><\/figure>\n\n\n\n<p>O Ponto X Podcast anuncia a presen\u00e7a de Rafael Ribeiro e Valmir Neres no seu terceiro epis\u00f3dio, que ir\u00e1 ao ar na pr\u00f3xima quarta-feira, 3 de setembro, \u00e0s 19 horas pelo YouTube. Apresentado por Er\u00ea e Rodrigo Borges, t\u00e9cnica Juan Affonso o programa contar\u00e1 com Rafael, secret\u00e1rio de Esportes de Itajuipe, e Valmir Neres, presidente da Liga Itajuipense de Desportos Terrestres (LIDT). Os ouvintes podem se inscrever no canal e se preparar para um bate-papo recheado de insights e novidades do mundo esportivo. N\u00e3o perca!<\/p>\n","protected":false},"excerpt":{"rendered":"<p>O Ponto X Podcast anuncia a presen\u00e7a de Rafael Ribeiro e Valmir Neres no seu terceiro epis\u00f3dio, que ir\u00e1 ao ar na pr\u00f3xima quarta-feira, 3 de setembro, \u00e0s 19 horas&#8230;<\/p>\n","protected":false},"author":1,"featured_media":29177,"comment_status":"open","ping_status":"open","sticky":false,"template":"","format":"standard","meta":{"_editorskit_title_hidden":false,"_editorskit_reading_time":0,"_editorskit_is_block_options_detached":false,"_editorskit_block_options_position":"{}","om_disable_all_campaigns":false,"_mi_skip_tracking":false,"_kad_post_transparent":"","_kad_post_title":"","_kad_post_layout":"","_kad_post_sidebar_id":"","_kad_post_content_style":"","_kad_post_vertical_padding":"","_kad_post_feature":"","_kad_post_feature_position":"","_kad_post_header":false,"_kad_post_footer":false,"footnotes":""},"categories":[84],"tags":[80],"class_list":["post-29176","post","type-post","status-publish","format-standard","has-post-thumbnail","hentry","category-itajuipe","tag-itajuipe"],"yoast_head":"<!-- This site is optimized with the Yoast SEO plugin v20.5 - https:\/\/yoast.com\/wordpress\/plugins\/seo\/ -->\n<title>Ponto X Podcast Recebe Rafael Ribeiro e Valmir Neres no Pr\u00f3ximo Epis\u00f3dio - blog do er\u00ea<\/title>\n<meta name=\"robots\" content=\"index, follow, max-snippet:-1, max-image-preview:large, max-video-preview:-1\" \/>\n<link rel=\"canonical\" href=\"https:\/\/blogdoere.com.br\/?p=29176\" \/>\n<meta property=\"og:locale\" content=\"pt_PT\" \/>\n<meta property=\"og:type\" content=\"article\" \/>\n<meta property=\"og:title\" content=\"Ponto X Podcast Recebe Rafael Ribeiro e Valmir Neres no Pr\u00f3ximo Epis\u00f3dio - blog do er\u00ea\" \/>\n<meta property=\"og:description\" content=\"O Ponto X Podcast anuncia a presen\u00e7a de Rafael Ribeiro e Valmir Neres no seu terceiro epis\u00f3dio, que ir\u00e1 ao ar na pr\u00f3xima quarta-feira, 3 de setembro, \u00e0s 19 horas...\" \/>\n<meta property=\"og:url\" content=\"https:\/\/blogdoere.com.br\/?p=29176\" \/>\n<meta property=\"og:site_name\" content=\"blog do er\u00ea\" \/>\n<meta property=\"article:published_time\" content=\"2025-08-30T13:41:37+00:00\" \/>\n<meta property=\"article:modified_time\" content=\"2025-08-30T13:46:16+00:00\" \/>\n<meta property=\"og:image\" content=\"https:\/\/blogdoere.com.br\/wp-content\/uploads\/2025\/08\/IMG-20250830-WA0027.jpg\" \/>\n\t<meta property=\"og:image:width\" content=\"749\" \/>\n\t<meta property=\"og:image:height\" content=\"1112\" \/>\n\t<meta property=\"og:image:type\" content=\"image\/jpeg\" \/>\n<meta name=\"author\" content=\"blogdoere@hotmail.com\" \/>\n<meta name=\"twitter:card\" content=\"summary_large_image\" \/>\n<meta name=\"twitter:label1\" content=\"Escrito por\" \/>\n\t<meta name=\"twitter:data1\" content=\"blogdoere@hotmail.com\" \/>\n\t<meta name=\"twitter:label2\" content=\"Tempo estimado de leitura\" \/>\n\t<meta name=\"twitter:data2\" content=\"1 minuto\" \/>\n<script type=\"application\/ld+json\" class=\"yoast-schema-graph\">{\"@context\":\"https:\/\/schema.org\",\"@graph\":[{\"@type\":\"Article\",\"@id\":\"https:\/\/blogdoere.com.br\/?p=29176#article\",\"isPartOf\":{\"@id\":\"https:\/\/blogdoere.com.br\/?p=29176\"},\"author\":{\"name\":\"blogdoere@hotmail.com\",\"@id\":\"https:\/\/blogdoere.com.br\/#\/schema\/person\/c4f6d566a44c7bacdda563667715d18b\"},\"headline\":\"Ponto X Podcast Recebe Rafael Ribeiro e Valmir Neres no Pr\u00f3ximo Epis\u00f3dio\",\"datePublished\":\"2025-08-30T13:41:37+00:00\",\"dateModified\":\"2025-08-30T13:46:16+00:00\",\"mainEntityOfPage\":{\"@id\":\"https:\/\/blogdoere.com.br\/?p=29176\"},\"wordCount\":130,\"commentCount\":0,\"publisher\":{\"@id\":\"https:\/\/blogdoere.com.br\/#organization\"},\"keywords\":[\"itajuipe\"],\"articleSection\":[\"Itaju\u00edpe\"],\"inLanguage\":\"pt-PT\",\"potentialAction\":[{\"@type\":\"CommentAction\",\"name\":\"Comment\",\"target\":[\"https:\/\/blogdoere.com.br\/?p=29176#respond\"]}]},{\"@type\":\"WebPage\",\"@id\":\"https:\/\/blogdoere.com.br\/?p=29176\",\"url\":\"https:\/\/blogdoere.com.br\/?p=29176\",\"name\":\"Ponto X Podcast Recebe Rafael Ribeiro e Valmir Neres no Pr\u00f3ximo Epis\u00f3dio - blog do er\u00ea\",\"isPartOf\":{\"@id\":\"https:\/\/blogdoere.com.br\/#website\"},\"datePublished\":\"2025-08-30T13:41:37+00:00\",\"dateModified\":\"2025-08-30T13:46:16+00:00\",\"breadcrumb\":{\"@id\":\"https:\/\/blogdoere.com.br\/?p=29176#breadcrumb\"},\"inLanguage\":\"pt-PT\",\"potentialAction\":[{\"@type\":\"ReadAction\",\"target\":[\"https:\/\/blogdoere.com.br\/?p=29176\"]}]},{\"@type\":\"BreadcrumbList\",\"@id\":\"https:\/\/blogdoere.com.br\/?p=29176#breadcrumb\",\"itemListElement\":[{\"@type\":\"ListItem\",\"position\":1,\"name\":\"In\u00edcio\",\"item\":\"https:\/\/blogdoere.com.br\/\"},{\"@type\":\"ListItem\",\"position\":2,\"name\":\"Ponto X Podcast Recebe Rafael Ribeiro e Valmir Neres no Pr\u00f3ximo Epis\u00f3dio\"}]},{\"@type\":\"WebSite\",\"@id\":\"https:\/\/blogdoere.com.br\/#website\",\"url\":\"https:\/\/blogdoere.com.br\/\",\"name\":\"blog do er\u00ea\",\"description\":\"\",\"publisher\":{\"@id\":\"https:\/\/blogdoere.com.br\/#organization\"},\"potentialAction\":[{\"@type\":\"SearchAction\",\"target\":{\"@type\":\"EntryPoint\",\"urlTemplate\":\"https:\/\/blogdoere.com.br\/?s={search_term_string}\"},\"query-input\":\"required name=search_term_string\"}],\"inLanguage\":\"pt-PT\"},{\"@type\":\"Organization\",\"@id\":\"https:\/\/blogdoere.com.br\/#organization\",\"name\":\"Blog do Er\u00ea\",\"url\":\"https:\/\/blogdoere.com.br\/\",\"logo\":{\"@type\":\"ImageObject\",\"inLanguage\":\"pt-PT\",\"@id\":\"https:\/\/blogdoere.com.br\/#\/schema\/logo\/image\/\",\"url\":\"https:\/\/blogdoere.com.br\/wp-content\/uploads\/2021\/11\/Logo-Ere-1.png\",\"contentUrl\":\"https:\/\/blogdoere.com.br\/wp-content\/uploads\/2021\/11\/Logo-Ere-1.png\",\"width\":1261,\"height\":1330,\"caption\":\"Blog do Er\u00ea\"},\"image\":{\"@id\":\"https:\/\/blogdoere.com.br\/#\/schema\/logo\/image\/\"}},{\"@type\":\"Person\",\"@id\":\"https:\/\/blogdoere.com.br\/#\/schema\/person\/c4f6d566a44c7bacdda563667715d18b\",\"name\":\"blogdoere@hotmail.com\",\"image\":{\"@type\":\"ImageObject\",\"inLanguage\":\"pt-PT\",\"@id\":\"https:\/\/blogdoere.com.br\/#\/schema\/person\/image\/\",\"url\":\"https:\/\/secure.gravatar.com\/avatar\/5684bd39df1289cb639b4ab539d6fcad69420e4a29521548fc078c58ed122fe6?s=96&d=mm&r=g\",\"contentUrl\":\"https:\/\/secure.gravatar.com\/avatar\/5684bd39df1289cb639b4ab539d6fcad69420e4a29521548fc078c58ed122fe6?s=96&d=mm&r=g\",\"caption\":\"blogdoere@hotmail.com\"},\"sameAs\":[\"http:\/\/blogdoere.com.br\"]}]}<\/script>\n<!-- \/ Yoast SEO plugin. -->","yoast_head_json":{"title":"Ponto X Podcast Recebe Rafael Ribeiro e Valmir Neres no Pr\u00f3ximo Epis\u00f3dio - blog do er\u00ea","robots":{"index":"index","follow":"follow","max-snippet":"max-snippet:-1","max-image-preview":"max-image-preview:large","max-video-preview":"max-video-preview:-1"},"canonical":"https:\/\/blogdoere.com.br\/?p=29176","og_locale":"pt_PT","og_type":"article","og_title":"Ponto X Podcast Recebe Rafael Ribeiro e Valmir Neres no Pr\u00f3ximo Epis\u00f3dio - blog do er\u00ea","og_description":"O Ponto X Podcast anuncia a presen\u00e7a de Rafael Ribeiro e Valmir Neres no seu terceiro epis\u00f3dio, que ir\u00e1 ao ar na pr\u00f3xima quarta-feira, 3 de setembro, \u00e0s 19 horas...","og_url":"https:\/\/blogdoere.com.br\/?p=29176","og_site_name":"blog do er\u00ea","article_published_time":"2025-08-30T13:41:37+00:00","article_modified_time":"2025-08-30T13:46:16+00:00","og_image":[{"width":749,"height":1112,"url":"https:\/\/blogdoere.com.br\/wp-content\/uploads\/2025\/08\/IMG-20250830-WA0027.jpg","type":"image\/jpeg"}],"author":"blogdoere@hotmail.com","twitter_card":"summary_large_image","twitter_misc":{"Escrito por":"blogdoere@hotmail.com","Tempo estimado de leitura":"1 minuto"},"schema":{"@context":"https:\/\/schema.org","@graph":[{"@type":"Article","@id":"https:\/\/blogdoere.com.br\/?p=29176#article","isPartOf":{"@id":"https:\/\/blogdoere.com.br\/?p=29176"},"author":{"name":"blogdoere@hotmail.com","@id":"https:\/\/blogdoere.com.br\/#\/schema\/person\/c4f6d566a44c7bacdda563667715d18b"},"headline":"Ponto X Podcast Recebe Rafael Ribeiro e Valmir Neres no Pr\u00f3ximo Epis\u00f3dio","datePublished":"2025-08-30T13:41:37+00:00","dateModified":"2025-08-30T13:46:16+00:00","mainEntityOfPage":{"@id":"https:\/\/blogdoere.com.br\/?p=29176"},"wordCount":130,"commentCount":0,"publisher":{"@id":"https:\/\/blogdoere.com.br\/#organization"},"keywords":["itajuipe"],"articleSection":["Itaju\u00edpe"],"inLanguage":"pt-PT","potentialAction":[{"@type":"CommentAction","name":"Comment","target":["https:\/\/blogdoere.com.br\/?p=29176#respond"]}]},{"@type":"WebPage","@id":"https:\/\/blogdoere.com.br\/?p=29176","url":"https:\/\/blogdoere.com.br\/?p=29176","name":"Ponto X Podcast Recebe Rafael Ribeiro e Valmir Neres no Pr\u00f3ximo Epis\u00f3dio - blog do er\u00ea","isPartOf":{"@id":"https:\/\/blogdoere.com.br\/#website"},"datePublished":"2025-08-30T13:41:37+00:00","dateModified":"2025-08-30T13:46:16+00:00","breadcrumb":{"@id":"https:\/\/blogdoere.com.br\/?p=29176#breadcrumb"},"inLanguage":"pt-PT","potentialAction":[{"@type":"ReadAction","target":["https:\/\/blogdoere.com.br\/?p=29176"]}]},{"@type":"BreadcrumbList","@id":"https:\/\/blogdoere.com.br\/?p=29176#breadcrumb","itemListElement":[{"@type":"ListItem","position":1,"name":"In\u00edcio","item":"https:\/\/blogdoere.com.br\/"},{"@type":"ListItem","position":2,"name":"Ponto X Podcast Recebe Rafael Ribeiro e Valmir Neres no Pr\u00f3ximo Epis\u00f3dio"}]},{"@type":"WebSite","@id":"https:\/\/blogdoere.com.br\/#website","url":"https:\/\/blogdoere.com.br\/","name":"blog do er\u00ea","description":"","publisher":{"@id":"https:\/\/blogdoere.com.br\/#organization"},"potentialAction":[{"@type":"SearchAction","target":{"@type":"EntryPoint","urlTemplate":"https:\/\/blogdoere.com.br\/?s={search_term_string}"},"query-input":"required name=search_term_string"}],"inLanguage":"pt-PT"},{"@type":"Organization","@id":"https:\/\/blogdoere.com.br\/#organization","name":"Blog do Er\u00ea","url":"https:\/\/blogdoere.com.br\/","logo":{"@type":"ImageObject","inLanguage":"pt-PT","@id":"https:\/\/blogdoere.com.br\/#\/schema\/logo\/image\/","url":"https:\/\/blogdoere.com.br\/wp-content\/uploads\/2021\/11\/Logo-Ere-1.png","contentUrl":"https:\/\/blogdoere.com.br\/wp-content\/uploads\/2021\/11\/Logo-Ere-1.png","width":1261,"height":1330,"caption":"Blog do Er\u00ea"},"image":{"@id":"https:\/\/blogdoere.com.br\/#\/schema\/logo\/image\/"}},{"@type":"Person","@id":"https:\/\/blogdoere.com.br\/#\/schema\/person\/c4f6d566a44c7bacdda563667715d18b","name":"blogdoere@hotmail.com","image":{"@type":"ImageObject","inLanguage":"pt-PT","@id":"https:\/\/blogdoere.com.br\/#\/schema\/person\/image\/","url":"https:\/\/secure.gravatar.com\/avatar\/5684bd39df1289cb639b4ab539d6fcad69420e4a29521548fc078c58ed122fe6?s=96&d=mm&r=g","contentUrl":"https:\/\/secure.gravatar.com\/avatar\/5684bd39df1289cb639b4ab539d6fcad69420e4a29521548fc078c58ed122fe6?s=96&d=mm&r=g","caption":"blogdoere@hotmail.com"},"sameAs":["http:\/\/blogdoere.com.br"]}]}},"featured_image_urls":{"full":["https:\/\/blogdoere.com.br\/wp-content\/uploads\/2025\/08\/IMG-20250830-WA0027.jpg",749,1112,false],"thumbnail":["https:\/\/blogdoere.com.br\/wp-content\/uploads\/2025\/08\/IMG-20250830-WA0027-150x150.jpg",150,150,true],"medium":["https:\/\/blogdoere.com.br\/wp-content\/uploads\/2025\/08\/IMG-20250830-WA0027-202x300.jpg",202,300,true],"medium_large":["https:\/\/blogdoere.com.br\/wp-content\/uploads\/2025\/08\/IMG-20250830-WA0027.jpg",749,1112,false],"large":["https:\/\/blogdoere.com.br\/wp-content\/uploads\/2025\/08\/IMG-20250830-WA0027-690x1024.jpg",690,1024,true],"1536x1536":["https:\/\/blogdoere.com.br\/wp-content\/uploads\/2025\/08\/IMG-20250830-WA0027.jpg",749,1112,false],"2048x2048":["https:\/\/blogdoere.com.br\/wp-content\/uploads\/2025\/08\/IMG-20250830-WA0027.jpg",749,1112,false]},"author_info":{"display_name":"blogdoere@hotmail.com","author_link":"https:\/\/blogdoere.com.br\/?author=1"},"category_info":"<a href=\"https:\/\/blogdoere.com.br\/?cat=84\" rel=\"category\">Itaju\u00edpe<\/a>","tag_info":"Itaju\u00edpe","comment_count":"0","_links":{"self":[{"href":"https:\/\/blogdoere.com.br\/index.php?rest_route=\/wp\/v2\/posts\/29176","targetHints":{"allow":["GET"]}}],"collection":[{"href":"https:\/\/blogdoere.com.br\/index.php?rest_route=\/wp\/v2\/posts"}],"about":[{"href":"https:\/\/blogdoere.com.br\/index.php?rest_route=\/wp\/v2\/types\/post"}],"author":[{"embeddable":true,"href":"https:\/\/blogdoere.com.br\/index.php?rest_route=\/wp\/v2\/users\/1"}],"replies":[{"embeddable":true,"href":"https:\/\/blogdoere.com.br\/index.php?rest_route=%2Fwp%2Fv2%2Fcomments&post=29176"}],"version-history":[{"count":2,"href":"https:\/\/blogdoere.com.br\/index.php?rest_route=\/wp\/v2\/posts\/29176\/revisions"}],"predecessor-version":[{"id":29179,"href":"https:\/\/blogdoere.com.br\/index.php?rest_route=\/wp\/v2\/posts\/29176\/revisions\/29179"}],"wp:featuredmedia":[{"embeddable":true,"href":"https:\/\/blogdoere.com.br\/index.php?rest_route=\/wp\/v2\/media\/29177"}],"wp:attachment":[{"href":"https:\/\/blogdoere.com.br\/index.php?rest_route=%2Fwp%2Fv2%2Fmedia&parent=29176"}],"wp:term":[{"taxonomy":"category","embeddable":true,"href":"https:\/\/blogdoere.com.br\/index.php?rest_route=%2Fwp%2Fv2%2Fcategories&post=29176"},{"taxonomy":"post_tag","embeddable":true,"href":"https:\/\/blogdoere.com.br\/index.php?rest_route=%2Fwp%2Fv2%2Ftags&post=29176"}],"curies":[{"name":"wp","href":"https:\/\/api.w.org\/{rel}","templated":true}]}}