{"id":29193,"date":"2025-10-19T13:12:55","date_gmt":"2025-10-19T13:12:55","guid":{"rendered":"https:\/\/blogdoere.com.br\/?p=29193"},"modified":"2025-10-19T13:28:30","modified_gmt":"2025-10-19T13:28:30","slug":"politica-e-poder-novas-formas-de-comunicacao-na-era-digital","status":"publish","type":"post","link":"https:\/\/blogdoere.com.br\/?p=29193","title":{"rendered":"Pol\u00edtica e poder: Novas formas de comunica\u00e7\u00e3o na era digital"},"content":{"rendered":"\n<figure class=\"wp-block-image size-large\"><img decoding=\"async\" width=\"1024\" height=\"1024\" src=\"https:\/\/blogdoere.com.br\/wp-content\/uploads\/2025\/10\/IMG_20251016_001920_157-1024x1024.webp\" alt=\"\" class=\"wp-image-29194\" srcset=\"https:\/\/blogdoere.com.br\/wp-content\/uploads\/2025\/10\/IMG_20251016_001920_157-1024x1024.webp 1024w, https:\/\/blogdoere.com.br\/wp-content\/uploads\/2025\/10\/IMG_20251016_001920_157-300x300.webp 300w, https:\/\/blogdoere.com.br\/wp-content\/uploads\/2025\/10\/IMG_20251016_001920_157-150x150.webp 150w, https:\/\/blogdoere.com.br\/wp-content\/uploads\/2025\/10\/IMG_20251016_001920_157-768x768.webp 768w, https:\/\/blogdoere.com.br\/wp-content\/uploads\/2025\/10\/IMG_20251016_001920_157.webp 1440w\" sizes=\"(max-width: 1024px) 100vw, 1024px\" \/><\/figure>\n\n\n\n<p>No contexto atual de 2025, \u00e9 imprescind\u00edvel reconhecer que a din\u00e2mica pol\u00edtica e o exerc\u00edcio do poder passaram por transforma\u00e7\u00f5es significativas, especialmente com o advento de novas tecnologias de comunica\u00e7\u00e3o. A era dos coron\u00e9is, marcada pela oligarquia e pela imposi\u00e7\u00e3o de poder, j\u00e1 n\u00e3o se aplica \u00e0 realidade contempor\u00e2nea. Embora ainda existam resqu\u00edcios desse passado, a verdade \u00e9 que o poder agora emana do povo, que, munido de smartphones, possui ferramentas capazes de influenciar decis\u00f5es e moldar o futuro pol\u00edtico.Um exemplo recente desse poder emergente foi a vota\u00e7\u00e3o da PEC da Blindagem, que visava proteger pol\u00edticos e congressistas de suas a\u00e7\u00f5es il\u00edcitas. Essa proposta gerou uma onda de mobiliza\u00e7\u00e3o popular, demonstrando que os cidad\u00e3os n\u00e3o est\u00e3o dispostos a aceitar passivamente decis\u00f5es que v\u00e3o contra seus interesses.           A era da comunica\u00e7\u00e3o controlada, que limitava a voz do povo a jornais impressos e a meios de comunica\u00e7\u00e3o concedidos, ficou para tr\u00e1s. Hoje, a informa\u00e7\u00e3o circula de maneira r\u00e1pida e acess\u00edvel, promovendo um debate p\u00fablico mais amplo e direto.Historicamente, os coron\u00e9is utilizavam os meios de comunica\u00e7\u00e3o como instrumentos de controle. Jornais, r\u00e1dio e a televis\u00e3o, em sua maioria, eram dominados por interesses olig\u00e1rquicos, silenciando a popula\u00e7\u00e3o e restringindo o acesso \u00e0 informa\u00e7\u00e3o. No entanto, com a democratiza\u00e7\u00e3o da comunica\u00e7\u00e3o proporcionada pela internet e pelas redes sociais, esse cen\u00e1rio mudou radicalmente. O eleitor agora tem a capacidade de se expressar, contestar e exigir mudan\u00e7as, utilizando seu smartphone como uma extens\u00e3o de sua voz.Neste novo tempo, \u00e9 fundamental que os cidad\u00e3os estejam cientes de seu papel no processo pol\u00edtico. N\u00e3o se trata apenas de votar, mas de participar ativamente, questionando e cobrando melhorias em suas comunidades. A manipula\u00e7\u00e3o e a desinforma\u00e7\u00e3o ainda s\u00e3o desafios, mas a tecnologia oferece ferramentas que podem ser utilizadas para promover a transpar\u00eancia e a responsabilidade dos governantes.Em resumo, a pol\u00edtica e o poder est\u00e3o em constante evolu\u00e7\u00e3o, e a nova forma de comunica\u00e7\u00e3o tem um papel central nessa transforma\u00e7\u00e3o. O cidad\u00e3o do s\u00e9culo XXI deve aproveitar essas ferramentas para fortalecer a democracia e garantir que suas vozes sejam ouvidas, n\u00e3o permitindo que os erros do passado se repitam. A era digital \u00e9 uma oportunidade para reimaginar a rela\u00e7\u00e3o entre governantes e governados, construindo um futuro mais justo e participativo.<\/p>\n\n\n\n<p>Por: Er\u00ea, Graduado em Gest\u00e3o P\u00fablica (Uniasselvi);P\u00f3s-graduado em Gest\u00e3o P\u00fablica Municipal (UESC);MBA em Comunica\u00e7\u00e3o Eleitoral e Marketing Pol\u00edtico ( Facuminas);MBA em Gest\u00e3o Hospitalar (Metropolitana);S\u00f3cio efetivo ABI\/Nacional; Radialista por forma\u00e7\u00e3o.<\/p>\n\n\n\n<p><\/p>\n","protected":false},"excerpt":{"rendered":"<p>No contexto atual de 2025, \u00e9 imprescind\u00edvel reconhecer que a din\u00e2mica pol\u00edtica e o exerc\u00edcio do poder passaram por transforma\u00e7\u00f5es significativas, especialmente com o advento de novas tecnologias de comunica\u00e7\u00e3o&#8230;.<\/p>\n","protected":false},"author":1,"featured_media":29194,"comment_status":"open","ping_status":"open","sticky":false,"template":"","format":"standard","meta":{"_editorskit_title_hidden":false,"_editorskit_reading_time":0,"_editorskit_is_block_options_detached":false,"_editorskit_block_options_position":"{}","om_disable_all_campaigns":false,"_mi_skip_tracking":false,"_kad_post_transparent":"","_kad_post_title":"","_kad_post_layout":"","_kad_post_sidebar_id":"","_kad_post_content_style":"","_kad_post_vertical_padding":"","_kad_post_feature":"","_kad_post_feature_position":"","_kad_post_header":false,"_kad_post_footer":false,"footnotes":""},"categories":[32],"tags":[],"class_list":["post-29193","post","type-post","status-publish","format-standard","has-post-thumbnail","hentry","category-politica"],"yoast_head":"<!-- This site is optimized with the Yoast SEO plugin v20.5 - https:\/\/yoast.com\/wordpress\/plugins\/seo\/ -->\n<title>Pol\u00edtica e poder: Novas formas de comunica\u00e7\u00e3o na era digital - blog do er\u00ea<\/title>\n<meta name=\"robots\" content=\"index, follow, max-snippet:-1, max-image-preview:large, max-video-preview:-1\" \/>\n<link rel=\"canonical\" href=\"https:\/\/blogdoere.com.br\/?p=29193\" \/>\n<meta property=\"og:locale\" content=\"pt_PT\" \/>\n<meta property=\"og:type\" content=\"article\" \/>\n<meta property=\"og:title\" content=\"Pol\u00edtica e poder: Novas formas de comunica\u00e7\u00e3o na era digital - blog do er\u00ea\" \/>\n<meta property=\"og:description\" content=\"No contexto atual de 2025, \u00e9 imprescind\u00edvel reconhecer que a din\u00e2mica pol\u00edtica e o exerc\u00edcio do poder passaram por transforma\u00e7\u00f5es significativas, especialmente com o advento de novas tecnologias de comunica\u00e7\u00e3o....\" \/>\n<meta property=\"og:url\" content=\"https:\/\/blogdoere.com.br\/?p=29193\" \/>\n<meta property=\"og:site_name\" content=\"blog do er\u00ea\" \/>\n<meta property=\"article:published_time\" content=\"2025-10-19T13:12:55+00:00\" \/>\n<meta property=\"article:modified_time\" content=\"2025-10-19T13:28:30+00:00\" \/>\n<meta property=\"og:image\" content=\"https:\/\/blogdoere.com.br\/wp-content\/uploads\/2025\/10\/IMG_20251016_001920_157.webp\" \/>\n\t<meta property=\"og:image:width\" content=\"1440\" \/>\n\t<meta property=\"og:image:height\" content=\"1440\" \/>\n\t<meta property=\"og:image:type\" content=\"image\/webp\" \/>\n<meta name=\"author\" content=\"blogdoere@hotmail.com\" \/>\n<meta name=\"twitter:card\" content=\"summary_large_image\" \/>\n<meta name=\"twitter:label1\" content=\"Escrito por\" \/>\n\t<meta name=\"twitter:data1\" content=\"blogdoere@hotmail.com\" \/>\n\t<meta name=\"twitter:label2\" content=\"Tempo estimado de leitura\" \/>\n\t<meta name=\"twitter:data2\" content=\"3 minutos\" \/>\n<script type=\"application\/ld+json\" class=\"yoast-schema-graph\">{\"@context\":\"https:\/\/schema.org\",\"@graph\":[{\"@type\":\"Article\",\"@id\":\"https:\/\/blogdoere.com.br\/?p=29193#article\",\"isPartOf\":{\"@id\":\"https:\/\/blogdoere.com.br\/?p=29193\"},\"author\":{\"name\":\"blogdoere@hotmail.com\",\"@id\":\"https:\/\/blogdoere.com.br\/#\/schema\/person\/c4f6d566a44c7bacdda563667715d18b\"},\"headline\":\"Pol\u00edtica e poder: Novas formas de comunica\u00e7\u00e3o na era digital\",\"datePublished\":\"2025-10-19T13:12:55+00:00\",\"dateModified\":\"2025-10-19T13:28:30+00:00\",\"mainEntityOfPage\":{\"@id\":\"https:\/\/blogdoere.com.br\/?p=29193\"},\"wordCount\":479,\"commentCount\":0,\"publisher\":{\"@id\":\"https:\/\/blogdoere.com.br\/#organization\"},\"articleSection\":[\"Pol\u00edtica\"],\"inLanguage\":\"pt-PT\",\"potentialAction\":[{\"@type\":\"CommentAction\",\"name\":\"Comment\",\"target\":[\"https:\/\/blogdoere.com.br\/?p=29193#respond\"]}]},{\"@type\":\"WebPage\",\"@id\":\"https:\/\/blogdoere.com.br\/?p=29193\",\"url\":\"https:\/\/blogdoere.com.br\/?p=29193\",\"name\":\"Pol\u00edtica e poder: Novas formas de comunica\u00e7\u00e3o na era digital - blog do er\u00ea\",\"isPartOf\":{\"@id\":\"https:\/\/blogdoere.com.br\/#website\"},\"datePublished\":\"2025-10-19T13:12:55+00:00\",\"dateModified\":\"2025-10-19T13:28:30+00:00\",\"breadcrumb\":{\"@id\":\"https:\/\/blogdoere.com.br\/?p=29193#breadcrumb\"},\"inLanguage\":\"pt-PT\",\"potentialAction\":[{\"@type\":\"ReadAction\",\"target\":[\"https:\/\/blogdoere.com.br\/?p=29193\"]}]},{\"@type\":\"BreadcrumbList\",\"@id\":\"https:\/\/blogdoere.com.br\/?p=29193#breadcrumb\",\"itemListElement\":[{\"@type\":\"ListItem\",\"position\":1,\"name\":\"In\u00edcio\",\"item\":\"https:\/\/blogdoere.com.br\/\"},{\"@type\":\"ListItem\",\"position\":2,\"name\":\"Pol\u00edtica e poder: Novas formas de comunica\u00e7\u00e3o na era digital\"}]},{\"@type\":\"WebSite\",\"@id\":\"https:\/\/blogdoere.com.br\/#website\",\"url\":\"https:\/\/blogdoere.com.br\/\",\"name\":\"blog do er\u00ea\",\"description\":\"\",\"publisher\":{\"@id\":\"https:\/\/blogdoere.com.br\/#organization\"},\"potentialAction\":[{\"@type\":\"SearchAction\",\"target\":{\"@type\":\"EntryPoint\",\"urlTemplate\":\"https:\/\/blogdoere.com.br\/?s={search_term_string}\"},\"query-input\":\"required name=search_term_string\"}],\"inLanguage\":\"pt-PT\"},{\"@type\":\"Organization\",\"@id\":\"https:\/\/blogdoere.com.br\/#organization\",\"name\":\"Blog do Er\u00ea\",\"url\":\"https:\/\/blogdoere.com.br\/\",\"logo\":{\"@type\":\"ImageObject\",\"inLanguage\":\"pt-PT\",\"@id\":\"https:\/\/blogdoere.com.br\/#\/schema\/logo\/image\/\",\"url\":\"https:\/\/blogdoere.com.br\/wp-content\/uploads\/2021\/11\/Logo-Ere-1.png\",\"contentUrl\":\"https:\/\/blogdoere.com.br\/wp-content\/uploads\/2021\/11\/Logo-Ere-1.png\",\"width\":1261,\"height\":1330,\"caption\":\"Blog do Er\u00ea\"},\"image\":{\"@id\":\"https:\/\/blogdoere.com.br\/#\/schema\/logo\/image\/\"}},{\"@type\":\"Person\",\"@id\":\"https:\/\/blogdoere.com.br\/#\/schema\/person\/c4f6d566a44c7bacdda563667715d18b\",\"name\":\"blogdoere@hotmail.com\",\"image\":{\"@type\":\"ImageObject\",\"inLanguage\":\"pt-PT\",\"@id\":\"https:\/\/blogdoere.com.br\/#\/schema\/person\/image\/\",\"url\":\"https:\/\/secure.gravatar.com\/avatar\/5684bd39df1289cb639b4ab539d6fcad69420e4a29521548fc078c58ed122fe6?s=96&d=mm&r=g\",\"contentUrl\":\"https:\/\/secure.gravatar.com\/avatar\/5684bd39df1289cb639b4ab539d6fcad69420e4a29521548fc078c58ed122fe6?s=96&d=mm&r=g\",\"caption\":\"blogdoere@hotmail.com\"},\"sameAs\":[\"http:\/\/blogdoere.com.br\"]}]}<\/script>\n<!-- \/ Yoast SEO plugin. -->","yoast_head_json":{"title":"Pol\u00edtica e poder: Novas formas de comunica\u00e7\u00e3o na era digital - blog do er\u00ea","robots":{"index":"index","follow":"follow","max-snippet":"max-snippet:-1","max-image-preview":"max-image-preview:large","max-video-preview":"max-video-preview:-1"},"canonical":"https:\/\/blogdoere.com.br\/?p=29193","og_locale":"pt_PT","og_type":"article","og_title":"Pol\u00edtica e poder: Novas formas de comunica\u00e7\u00e3o na era digital - blog do er\u00ea","og_description":"No contexto atual de 2025, \u00e9 imprescind\u00edvel reconhecer que a din\u00e2mica pol\u00edtica e o exerc\u00edcio do poder passaram por transforma\u00e7\u00f5es significativas, especialmente com o advento de novas tecnologias de comunica\u00e7\u00e3o....","og_url":"https:\/\/blogdoere.com.br\/?p=29193","og_site_name":"blog do er\u00ea","article_published_time":"2025-10-19T13:12:55+00:00","article_modified_time":"2025-10-19T13:28:30+00:00","og_image":[{"width":1440,"height":1440,"url":"https:\/\/blogdoere.com.br\/wp-content\/uploads\/2025\/10\/IMG_20251016_001920_157.webp","type":"image\/webp"}],"author":"blogdoere@hotmail.com","twitter_card":"summary_large_image","twitter_misc":{"Escrito por":"blogdoere@hotmail.com","Tempo estimado de leitura":"3 minutos"},"schema":{"@context":"https:\/\/schema.org","@graph":[{"@type":"Article","@id":"https:\/\/blogdoere.com.br\/?p=29193#article","isPartOf":{"@id":"https:\/\/blogdoere.com.br\/?p=29193"},"author":{"name":"blogdoere@hotmail.com","@id":"https:\/\/blogdoere.com.br\/#\/schema\/person\/c4f6d566a44c7bacdda563667715d18b"},"headline":"Pol\u00edtica e poder: Novas formas de comunica\u00e7\u00e3o na era digital","datePublished":"2025-10-19T13:12:55+00:00","dateModified":"2025-10-19T13:28:30+00:00","mainEntityOfPage":{"@id":"https:\/\/blogdoere.com.br\/?p=29193"},"wordCount":479,"commentCount":0,"publisher":{"@id":"https:\/\/blogdoere.com.br\/#organization"},"articleSection":["Pol\u00edtica"],"inLanguage":"pt-PT","potentialAction":[{"@type":"CommentAction","name":"Comment","target":["https:\/\/blogdoere.com.br\/?p=29193#respond"]}]},{"@type":"WebPage","@id":"https:\/\/blogdoere.com.br\/?p=29193","url":"https:\/\/blogdoere.com.br\/?p=29193","name":"Pol\u00edtica e poder: Novas formas de comunica\u00e7\u00e3o na era digital - blog do er\u00ea","isPartOf":{"@id":"https:\/\/blogdoere.com.br\/#website"},"datePublished":"2025-10-19T13:12:55+00:00","dateModified":"2025-10-19T13:28:30+00:00","breadcrumb":{"@id":"https:\/\/blogdoere.com.br\/?p=29193#breadcrumb"},"inLanguage":"pt-PT","potentialAction":[{"@type":"ReadAction","target":["https:\/\/blogdoere.com.br\/?p=29193"]}]},{"@type":"BreadcrumbList","@id":"https:\/\/blogdoere.com.br\/?p=29193#breadcrumb","itemListElement":[{"@type":"ListItem","position":1,"name":"In\u00edcio","item":"https:\/\/blogdoere.com.br\/"},{"@type":"ListItem","position":2,"name":"Pol\u00edtica e poder: Novas formas de comunica\u00e7\u00e3o na era digital"}]},{"@type":"WebSite","@id":"https:\/\/blogdoere.com.br\/#website","url":"https:\/\/blogdoere.com.br\/","name":"blog do er\u00ea","description":"","publisher":{"@id":"https:\/\/blogdoere.com.br\/#organization"},"potentialAction":[{"@type":"SearchAction","target":{"@type":"EntryPoint","urlTemplate":"https:\/\/blogdoere.com.br\/?s={search_term_string}"},"query-input":"required name=search_term_string"}],"inLanguage":"pt-PT"},{"@type":"Organization","@id":"https:\/\/blogdoere.com.br\/#organization","name":"Blog do Er\u00ea","url":"https:\/\/blogdoere.com.br\/","logo":{"@type":"ImageObject","inLanguage":"pt-PT","@id":"https:\/\/blogdoere.com.br\/#\/schema\/logo\/image\/","url":"https:\/\/blogdoere.com.br\/wp-content\/uploads\/2021\/11\/Logo-Ere-1.png","contentUrl":"https:\/\/blogdoere.com.br\/wp-content\/uploads\/2021\/11\/Logo-Ere-1.png","width":1261,"height":1330,"caption":"Blog do Er\u00ea"},"image":{"@id":"https:\/\/blogdoere.com.br\/#\/schema\/logo\/image\/"}},{"@type":"Person","@id":"https:\/\/blogdoere.com.br\/#\/schema\/person\/c4f6d566a44c7bacdda563667715d18b","name":"blogdoere@hotmail.com","image":{"@type":"ImageObject","inLanguage":"pt-PT","@id":"https:\/\/blogdoere.com.br\/#\/schema\/person\/image\/","url":"https:\/\/secure.gravatar.com\/avatar\/5684bd39df1289cb639b4ab539d6fcad69420e4a29521548fc078c58ed122fe6?s=96&d=mm&r=g","contentUrl":"https:\/\/secure.gravatar.com\/avatar\/5684bd39df1289cb639b4ab539d6fcad69420e4a29521548fc078c58ed122fe6?s=96&d=mm&r=g","caption":"blogdoere@hotmail.com"},"sameAs":["http:\/\/blogdoere.com.br"]}]}},"featured_image_urls":{"full":["https:\/\/blogdoere.com.br\/wp-content\/uploads\/2025\/10\/IMG_20251016_001920_157.webp",1440,1440,false],"thumbnail":["https:\/\/blogdoere.com.br\/wp-content\/uploads\/2025\/10\/IMG_20251016_001920_157-150x150.webp",150,150,true],"medium":["https:\/\/blogdoere.com.br\/wp-content\/uploads\/2025\/10\/IMG_20251016_001920_157-300x300.webp",300,300,true],"medium_large":["https:\/\/blogdoere.com.br\/wp-content\/uploads\/2025\/10\/IMG_20251016_001920_157-768x768.webp",768,768,true],"large":["https:\/\/blogdoere.com.br\/wp-content\/uploads\/2025\/10\/IMG_20251016_001920_157-1024x1024.webp",1024,1024,true],"1536x1536":["https:\/\/blogdoere.com.br\/wp-content\/uploads\/2025\/10\/IMG_20251016_001920_157.webp",1440,1440,false],"2048x2048":["https:\/\/blogdoere.com.br\/wp-content\/uploads\/2025\/10\/IMG_20251016_001920_157.webp",1440,1440,false]},"author_info":{"display_name":"blogdoere@hotmail.com","author_link":"https:\/\/blogdoere.com.br\/?author=1"},"category_info":"<a href=\"https:\/\/blogdoere.com.br\/?cat=32\" rel=\"category\">Pol\u00edtica<\/a>","tag_info":"Pol\u00edtica","comment_count":"0","_links":{"self":[{"href":"https:\/\/blogdoere.com.br\/index.php?rest_route=\/wp\/v2\/posts\/29193","targetHints":{"allow":["GET"]}}],"collection":[{"href":"https:\/\/blogdoere.com.br\/index.php?rest_route=\/wp\/v2\/posts"}],"about":[{"href":"https:\/\/blogdoere.com.br\/index.php?rest_route=\/wp\/v2\/types\/post"}],"author":[{"embeddable":true,"href":"https:\/\/blogdoere.com.br\/index.php?rest_route=\/wp\/v2\/users\/1"}],"replies":[{"embeddable":true,"href":"https:\/\/blogdoere.com.br\/index.php?rest_route=%2Fwp%2Fv2%2Fcomments&post=29193"}],"version-history":[{"count":2,"href":"https:\/\/blogdoere.com.br\/index.php?rest_route=\/wp\/v2\/posts\/29193\/revisions"}],"predecessor-version":[{"id":29196,"href":"https:\/\/blogdoere.com.br\/index.php?rest_route=\/wp\/v2\/posts\/29193\/revisions\/29196"}],"wp:featuredmedia":[{"embeddable":true,"href":"https:\/\/blogdoere.com.br\/index.php?rest_route=\/wp\/v2\/media\/29194"}],"wp:attachment":[{"href":"https:\/\/blogdoere.com.br\/index.php?rest_route=%2Fwp%2Fv2%2Fmedia&parent=29193"}],"wp:term":[{"taxonomy":"category","embeddable":true,"href":"https:\/\/blogdoere.com.br\/index.php?rest_route=%2Fwp%2Fv2%2Fcategories&post=29193"},{"taxonomy":"post_tag","embeddable":true,"href":"https:\/\/blogdoere.com.br\/index.php?rest_route=%2Fwp%2Fv2%2Ftags&post=29193"}],"curies":[{"name":"wp","href":"https:\/\/api.w.org\/{rel}","templated":true}]}}