{"id":29261,"date":"2026-01-26T11:57:23","date_gmt":"2026-01-26T11:57:23","guid":{"rendered":"https:\/\/blogdoere.com.br\/?p=29261"},"modified":"2026-01-26T12:04:35","modified_gmt":"2026-01-26T12:04:35","slug":"bahia-carlos-sodre-articula-pre-candidatura-e-convida-advogado-robenilson-torres-para-disputar-vaga-na-alba","status":"publish","type":"post","link":"https:\/\/blogdoere.com.br\/?p=29261","title":{"rendered":"Bahia: Carlos Sodr\u00e9 articula pr\u00e9-candidatura e convida advogado Robenilson Torres para disputar vaga na Alba"},"content":{"rendered":"\n<figure class=\"wp-block-image size-large\"><img decoding=\"async\" width=\"1024\" height=\"652\" src=\"https:\/\/blogdoere.com.br\/wp-content\/uploads\/2026\/01\/1000162358-1024x652.jpg\" alt=\"\" class=\"wp-image-29259\" srcset=\"https:\/\/blogdoere.com.br\/wp-content\/uploads\/2026\/01\/1000162358-1024x652.jpg 1024w, https:\/\/blogdoere.com.br\/wp-content\/uploads\/2026\/01\/1000162358-300x191.jpg 300w, https:\/\/blogdoere.com.br\/wp-content\/uploads\/2026\/01\/1000162358-768x489.jpg 768w, https:\/\/blogdoere.com.br\/wp-content\/uploads\/2026\/01\/1000162358-1536x978.jpg 1536w, https:\/\/blogdoere.com.br\/wp-content\/uploads\/2026\/01\/1000162358-2048x1304.jpg 2048w\" sizes=\"(max-width: 1024px) 100vw, 1024px\" \/><figcaption class=\"wp-element-caption\"><strong>Dr Carlos Sodr\u00e9 e Dr Robenilson Torres alian\u00e7a pelo sul da Bahia.<\/strong><\/figcaption><\/figure>\n\n\n\n<p>O pr\u00e9-candidato ao Senado Federal, Carlos Sodr\u00e9, intensificou as articula\u00e7\u00f5es pol\u00edticas e, na \u00faltima quinta-feira (22), convidou o advogado Dr. Robenilson Torres a colocar seu nome \u00e0 disposi\u00e7\u00e3o da popula\u00e7\u00e3o como pr\u00e9-candidato a deputado estadual.<\/p>\n\n\n\n<p>Robenilson Torres \u00e9 presidente da Associa\u00e7\u00e3o dos Conselheiros e Ex-Conselheiros Tutelares do Estado da Bahia (ACTEBA) e possui uma trajet\u00f3ria consolidada na defesa de pautas sociais, especialmente aquelas relacionadas aos direitos da crian\u00e7a e do adolescente. Advogado formado pela Universidade Estadual de Santa Cruz (UESC), Robenilson iniciou sua atua\u00e7\u00e3o pol\u00edtica ainda na juventude, per\u00edodo em que foi representante do Diret\u00f3rio Central dos Estudantes (DCE) e participou ativamente de movimentos estudantis e sociais na regi\u00e3o sul da Bahia. Tamb\u00e9m integrou a Comiss\u00e3o dos Direitos da Crian\u00e7a e do Adolescente da OAB Bahia, tendo sido presidente da comiss\u00e3o na Subse\u00e7\u00e3o de Itabuna.<\/p>\n\n\n\n<p>Segundo o advogado, que tamb\u00e9m \u00e9 especialista em pol\u00edticas p\u00fablicas, uma eventual pr\u00e9-candidatura surge como resposta \u00e0 aus\u00eancia de pol\u00edticas efetivas voltadas \u00e0 inf\u00e2ncia e \u00e0 adolesc\u00eancia. De acordo com ele, essas \u00e1reas sofrem historicamente com a descontinuidade de a\u00e7\u00f5es governamentais e com o baixo volume de investimentos. A pauta social, portanto, desponta como eixo central de sua poss\u00edvel entrada na disputa eleitoral.<\/p>\n\n\n\n<p>Carlos Sodr\u00e9, com vasta experi\u00eancia nas \u00e1reas jur\u00eddica, pol\u00edtica e p\u00fablica, vem sendo apontado como um dos nomes em constru\u00e7\u00e3o para o Senado na Bahia, em um cen\u00e1rio marcado por indefini\u00e7\u00f5es, rearranjos partid\u00e1rios e intensa disputa por espa\u00e7o pol\u00edtico. O fortalecimento das articula\u00e7\u00f5es e alian\u00e7as nos territ\u00f3rios do estado tem sido uma das principais estrat\u00e9gias do pr\u00e9-candidato para ampliar sua base de apoio em torno de um projeto que prioriza o desenvolvimento regional.<\/p>\n\n\n\n<p>Nos pr\u00f3ximos dias, novas reuni\u00f5es pol\u00edticas devem ocorrer e ser\u00e3o decisivas para a defini\u00e7\u00e3o do posicionamento de Robenilson Torres no pleito, al\u00e9m de sinalizarem os pr\u00f3ximos passos do grupo pol\u00edtico liderado por Carlos Sodr\u00e9.<\/p>\n\n\n\n<p><\/p>\n","protected":false},"excerpt":{"rendered":"<p>O pr\u00e9-candidato ao Senado Federal, Carlos Sodr\u00e9, intensificou as articula\u00e7\u00f5es pol\u00edticas e, na \u00faltima quinta-feira (22), convidou o advogado Dr. Robenilson Torres a colocar seu nome \u00e0 disposi\u00e7\u00e3o da popula\u00e7\u00e3o&#8230;<\/p>\n","protected":false},"author":1,"featured_media":29259,"comment_status":"open","ping_status":"open","sticky":false,"template":"","format":"standard","meta":{"_editorskit_title_hidden":false,"_editorskit_reading_time":0,"_editorskit_is_block_options_detached":false,"_editorskit_block_options_position":"{}","om_disable_all_campaigns":false,"_mi_skip_tracking":false,"_kad_post_transparent":"","_kad_post_title":"","_kad_post_layout":"","_kad_post_sidebar_id":"","_kad_post_content_style":"","_kad_post_vertical_padding":"","_kad_post_feature":"","_kad_post_feature_position":"","_kad_post_header":false,"_kad_post_footer":false,"footnotes":""},"categories":[39,32],"tags":[42],"class_list":["post-29261","post","type-post","status-publish","format-standard","has-post-thumbnail","hentry","category-bahia","category-politica","tag-bahia"],"yoast_head":"<!-- This site is optimized with the Yoast SEO plugin v20.5 - https:\/\/yoast.com\/wordpress\/plugins\/seo\/ -->\n<title>Bahia: Carlos Sodr\u00e9 articula pr\u00e9-candidatura e convida advogado Robenilson Torres para disputar vaga na Alba - blog do er\u00ea<\/title>\n<meta name=\"robots\" content=\"index, follow, max-snippet:-1, max-image-preview:large, max-video-preview:-1\" \/>\n<link rel=\"canonical\" href=\"https:\/\/blogdoere.com.br\/?p=29261\" \/>\n<meta property=\"og:locale\" content=\"pt_PT\" \/>\n<meta property=\"og:type\" content=\"article\" \/>\n<meta property=\"og:title\" content=\"Bahia: Carlos Sodr\u00e9 articula pr\u00e9-candidatura e convida advogado Robenilson Torres para disputar vaga na Alba - blog do er\u00ea\" \/>\n<meta property=\"og:description\" content=\"O pr\u00e9-candidato ao Senado Federal, Carlos Sodr\u00e9, intensificou as articula\u00e7\u00f5es pol\u00edticas e, na \u00faltima quinta-feira (22), convidou o advogado Dr. Robenilson Torres a colocar seu nome \u00e0 disposi\u00e7\u00e3o da popula\u00e7\u00e3o...\" \/>\n<meta property=\"og:url\" content=\"https:\/\/blogdoere.com.br\/?p=29261\" \/>\n<meta property=\"og:site_name\" content=\"blog do er\u00ea\" \/>\n<meta property=\"article:published_time\" content=\"2026-01-26T11:57:23+00:00\" \/>\n<meta property=\"article:modified_time\" content=\"2026-01-26T12:04:35+00:00\" \/>\n<meta property=\"og:image\" content=\"https:\/\/blogdoere.com.br\/wp-content\/uploads\/2026\/01\/1000162358-scaled.jpg\" \/>\n\t<meta property=\"og:image:width\" content=\"2560\" \/>\n\t<meta property=\"og:image:height\" content=\"1630\" \/>\n\t<meta property=\"og:image:type\" content=\"image\/jpeg\" \/>\n<meta name=\"author\" content=\"blogdoere@hotmail.com\" \/>\n<meta name=\"twitter:card\" content=\"summary_large_image\" \/>\n<meta name=\"twitter:label1\" content=\"Escrito por\" \/>\n\t<meta name=\"twitter:data1\" content=\"blogdoere@hotmail.com\" \/>\n\t<meta name=\"twitter:label2\" content=\"Tempo estimado de leitura\" \/>\n\t<meta name=\"twitter:data2\" content=\"2 minutos\" \/>\n<script type=\"application\/ld+json\" class=\"yoast-schema-graph\">{\"@context\":\"https:\/\/schema.org\",\"@graph\":[{\"@type\":\"Article\",\"@id\":\"https:\/\/blogdoere.com.br\/?p=29261#article\",\"isPartOf\":{\"@id\":\"https:\/\/blogdoere.com.br\/?p=29261\"},\"author\":{\"name\":\"blogdoere@hotmail.com\",\"@id\":\"https:\/\/blogdoere.com.br\/#\/schema\/person\/c4f6d566a44c7bacdda563667715d18b\"},\"headline\":\"Bahia: Carlos Sodr\u00e9 articula pr\u00e9-candidatura e convida advogado Robenilson Torres para disputar vaga na Alba\",\"datePublished\":\"2026-01-26T11:57:23+00:00\",\"dateModified\":\"2026-01-26T12:04:35+00:00\",\"mainEntityOfPage\":{\"@id\":\"https:\/\/blogdoere.com.br\/?p=29261\"},\"wordCount\":379,\"commentCount\":1,\"publisher\":{\"@id\":\"https:\/\/blogdoere.com.br\/#organization\"},\"keywords\":[\"Bahia\"],\"articleSection\":[\"Bahia\",\"Pol\u00edtica\"],\"inLanguage\":\"pt-PT\",\"potentialAction\":[{\"@type\":\"CommentAction\",\"name\":\"Comment\",\"target\":[\"https:\/\/blogdoere.com.br\/?p=29261#respond\"]}]},{\"@type\":\"WebPage\",\"@id\":\"https:\/\/blogdoere.com.br\/?p=29261\",\"url\":\"https:\/\/blogdoere.com.br\/?p=29261\",\"name\":\"Bahia: Carlos Sodr\u00e9 articula pr\u00e9-candidatura e convida advogado Robenilson Torres para disputar vaga na Alba - blog do er\u00ea\",\"isPartOf\":{\"@id\":\"https:\/\/blogdoere.com.br\/#website\"},\"datePublished\":\"2026-01-26T11:57:23+00:00\",\"dateModified\":\"2026-01-26T12:04:35+00:00\",\"breadcrumb\":{\"@id\":\"https:\/\/blogdoere.com.br\/?p=29261#breadcrumb\"},\"inLanguage\":\"pt-PT\",\"potentialAction\":[{\"@type\":\"ReadAction\",\"target\":[\"https:\/\/blogdoere.com.br\/?p=29261\"]}]},{\"@type\":\"BreadcrumbList\",\"@id\":\"https:\/\/blogdoere.com.br\/?p=29261#breadcrumb\",\"itemListElement\":[{\"@type\":\"ListItem\",\"position\":1,\"name\":\"In\u00edcio\",\"item\":\"https:\/\/blogdoere.com.br\/\"},{\"@type\":\"ListItem\",\"position\":2,\"name\":\"Bahia: Carlos Sodr\u00e9 articula pr\u00e9-candidatura e convida advogado Robenilson Torres para disputar vaga na Alba\"}]},{\"@type\":\"WebSite\",\"@id\":\"https:\/\/blogdoere.com.br\/#website\",\"url\":\"https:\/\/blogdoere.com.br\/\",\"name\":\"blog do er\u00ea\",\"description\":\"\",\"publisher\":{\"@id\":\"https:\/\/blogdoere.com.br\/#organization\"},\"potentialAction\":[{\"@type\":\"SearchAction\",\"target\":{\"@type\":\"EntryPoint\",\"urlTemplate\":\"https:\/\/blogdoere.com.br\/?s={search_term_string}\"},\"query-input\":\"required name=search_term_string\"}],\"inLanguage\":\"pt-PT\"},{\"@type\":\"Organization\",\"@id\":\"https:\/\/blogdoere.com.br\/#organization\",\"name\":\"Blog do Er\u00ea\",\"url\":\"https:\/\/blogdoere.com.br\/\",\"logo\":{\"@type\":\"ImageObject\",\"inLanguage\":\"pt-PT\",\"@id\":\"https:\/\/blogdoere.com.br\/#\/schema\/logo\/image\/\",\"url\":\"https:\/\/blogdoere.com.br\/wp-content\/uploads\/2021\/11\/Logo-Ere-1.png\",\"contentUrl\":\"https:\/\/blogdoere.com.br\/wp-content\/uploads\/2021\/11\/Logo-Ere-1.png\",\"width\":1261,\"height\":1330,\"caption\":\"Blog do Er\u00ea\"},\"image\":{\"@id\":\"https:\/\/blogdoere.com.br\/#\/schema\/logo\/image\/\"}},{\"@type\":\"Person\",\"@id\":\"https:\/\/blogdoere.com.br\/#\/schema\/person\/c4f6d566a44c7bacdda563667715d18b\",\"name\":\"blogdoere@hotmail.com\",\"image\":{\"@type\":\"ImageObject\",\"inLanguage\":\"pt-PT\",\"@id\":\"https:\/\/blogdoere.com.br\/#\/schema\/person\/image\/\",\"url\":\"https:\/\/secure.gravatar.com\/avatar\/5684bd39df1289cb639b4ab539d6fcad69420e4a29521548fc078c58ed122fe6?s=96&d=mm&r=g\",\"contentUrl\":\"https:\/\/secure.gravatar.com\/avatar\/5684bd39df1289cb639b4ab539d6fcad69420e4a29521548fc078c58ed122fe6?s=96&d=mm&r=g\",\"caption\":\"blogdoere@hotmail.com\"},\"sameAs\":[\"http:\/\/blogdoere.com.br\"]}]}<\/script>\n<!-- \/ Yoast SEO plugin. -->","yoast_head_json":{"title":"Bahia: Carlos Sodr\u00e9 articula pr\u00e9-candidatura e convida advogado Robenilson Torres para disputar vaga na Alba - blog do er\u00ea","robots":{"index":"index","follow":"follow","max-snippet":"max-snippet:-1","max-image-preview":"max-image-preview:large","max-video-preview":"max-video-preview:-1"},"canonical":"https:\/\/blogdoere.com.br\/?p=29261","og_locale":"pt_PT","og_type":"article","og_title":"Bahia: Carlos Sodr\u00e9 articula pr\u00e9-candidatura e convida advogado Robenilson Torres para disputar vaga na Alba - blog do er\u00ea","og_description":"O pr\u00e9-candidato ao Senado Federal, Carlos Sodr\u00e9, intensificou as articula\u00e7\u00f5es pol\u00edticas e, na \u00faltima quinta-feira (22), convidou o advogado Dr. Robenilson Torres a colocar seu nome \u00e0 disposi\u00e7\u00e3o da popula\u00e7\u00e3o...","og_url":"https:\/\/blogdoere.com.br\/?p=29261","og_site_name":"blog do er\u00ea","article_published_time":"2026-01-26T11:57:23+00:00","article_modified_time":"2026-01-26T12:04:35+00:00","og_image":[{"width":2560,"height":1630,"url":"https:\/\/blogdoere.com.br\/wp-content\/uploads\/2026\/01\/1000162358-scaled.jpg","type":"image\/jpeg"}],"author":"blogdoere@hotmail.com","twitter_card":"summary_large_image","twitter_misc":{"Escrito por":"blogdoere@hotmail.com","Tempo estimado de leitura":"2 minutos"},"schema":{"@context":"https:\/\/schema.org","@graph":[{"@type":"Article","@id":"https:\/\/blogdoere.com.br\/?p=29261#article","isPartOf":{"@id":"https:\/\/blogdoere.com.br\/?p=29261"},"author":{"name":"blogdoere@hotmail.com","@id":"https:\/\/blogdoere.com.br\/#\/schema\/person\/c4f6d566a44c7bacdda563667715d18b"},"headline":"Bahia: Carlos Sodr\u00e9 articula pr\u00e9-candidatura e convida advogado Robenilson Torres para disputar vaga na Alba","datePublished":"2026-01-26T11:57:23+00:00","dateModified":"2026-01-26T12:04:35+00:00","mainEntityOfPage":{"@id":"https:\/\/blogdoere.com.br\/?p=29261"},"wordCount":379,"commentCount":1,"publisher":{"@id":"https:\/\/blogdoere.com.br\/#organization"},"keywords":["Bahia"],"articleSection":["Bahia","Pol\u00edtica"],"inLanguage":"pt-PT","potentialAction":[{"@type":"CommentAction","name":"Comment","target":["https:\/\/blogdoere.com.br\/?p=29261#respond"]}]},{"@type":"WebPage","@id":"https:\/\/blogdoere.com.br\/?p=29261","url":"https:\/\/blogdoere.com.br\/?p=29261","name":"Bahia: Carlos Sodr\u00e9 articula pr\u00e9-candidatura e convida advogado Robenilson Torres para disputar vaga na Alba - blog do er\u00ea","isPartOf":{"@id":"https:\/\/blogdoere.com.br\/#website"},"datePublished":"2026-01-26T11:57:23+00:00","dateModified":"2026-01-26T12:04:35+00:00","breadcrumb":{"@id":"https:\/\/blogdoere.com.br\/?p=29261#breadcrumb"},"inLanguage":"pt-PT","potentialAction":[{"@type":"ReadAction","target":["https:\/\/blogdoere.com.br\/?p=29261"]}]},{"@type":"BreadcrumbList","@id":"https:\/\/blogdoere.com.br\/?p=29261#breadcrumb","itemListElement":[{"@type":"ListItem","position":1,"name":"In\u00edcio","item":"https:\/\/blogdoere.com.br\/"},{"@type":"ListItem","position":2,"name":"Bahia: Carlos Sodr\u00e9 articula pr\u00e9-candidatura e convida advogado Robenilson Torres para disputar vaga na Alba"}]},{"@type":"WebSite","@id":"https:\/\/blogdoere.com.br\/#website","url":"https:\/\/blogdoere.com.br\/","name":"blog do er\u00ea","description":"","publisher":{"@id":"https:\/\/blogdoere.com.br\/#organization"},"potentialAction":[{"@type":"SearchAction","target":{"@type":"EntryPoint","urlTemplate":"https:\/\/blogdoere.com.br\/?s={search_term_string}"},"query-input":"required name=search_term_string"}],"inLanguage":"pt-PT"},{"@type":"Organization","@id":"https:\/\/blogdoere.com.br\/#organization","name":"Blog do Er\u00ea","url":"https:\/\/blogdoere.com.br\/","logo":{"@type":"ImageObject","inLanguage":"pt-PT","@id":"https:\/\/blogdoere.com.br\/#\/schema\/logo\/image\/","url":"https:\/\/blogdoere.com.br\/wp-content\/uploads\/2021\/11\/Logo-Ere-1.png","contentUrl":"https:\/\/blogdoere.com.br\/wp-content\/uploads\/2021\/11\/Logo-Ere-1.png","width":1261,"height":1330,"caption":"Blog do Er\u00ea"},"image":{"@id":"https:\/\/blogdoere.com.br\/#\/schema\/logo\/image\/"}},{"@type":"Person","@id":"https:\/\/blogdoere.com.br\/#\/schema\/person\/c4f6d566a44c7bacdda563667715d18b","name":"blogdoere@hotmail.com","image":{"@type":"ImageObject","inLanguage":"pt-PT","@id":"https:\/\/blogdoere.com.br\/#\/schema\/person\/image\/","url":"https:\/\/secure.gravatar.com\/avatar\/5684bd39df1289cb639b4ab539d6fcad69420e4a29521548fc078c58ed122fe6?s=96&d=mm&r=g","contentUrl":"https:\/\/secure.gravatar.com\/avatar\/5684bd39df1289cb639b4ab539d6fcad69420e4a29521548fc078c58ed122fe6?s=96&d=mm&r=g","caption":"blogdoere@hotmail.com"},"sameAs":["http:\/\/blogdoere.com.br"]}]}},"featured_image_urls":{"full":["https:\/\/blogdoere.com.br\/wp-content\/uploads\/2026\/01\/1000162358-scaled.jpg",2560,1630,false],"thumbnail":["https:\/\/blogdoere.com.br\/wp-content\/uploads\/2026\/01\/1000162358-150x150.jpg",150,150,true],"medium":["https:\/\/blogdoere.com.br\/wp-content\/uploads\/2026\/01\/1000162358-300x191.jpg",300,191,true],"medium_large":["https:\/\/blogdoere.com.br\/wp-content\/uploads\/2026\/01\/1000162358-768x489.jpg",768,489,true],"large":["https:\/\/blogdoere.com.br\/wp-content\/uploads\/2026\/01\/1000162358-1024x652.jpg",1024,652,true],"1536x1536":["https:\/\/blogdoere.com.br\/wp-content\/uploads\/2026\/01\/1000162358-1536x978.jpg",1536,978,true],"2048x2048":["https:\/\/blogdoere.com.br\/wp-content\/uploads\/2026\/01\/1000162358-2048x1304.jpg",2048,1304,true]},"author_info":{"display_name":"blogdoere@hotmail.com","author_link":"https:\/\/blogdoere.com.br\/?author=1"},"category_info":"<a href=\"https:\/\/blogdoere.com.br\/?cat=39\" rel=\"category\">Bahia<\/a> <a href=\"https:\/\/blogdoere.com.br\/?cat=32\" rel=\"category\">Pol\u00edtica<\/a>","tag_info":"Pol\u00edtica","comment_count":"1","_links":{"self":[{"href":"https:\/\/blogdoere.com.br\/index.php?rest_route=\/wp\/v2\/posts\/29261","targetHints":{"allow":["GET"]}}],"collection":[{"href":"https:\/\/blogdoere.com.br\/index.php?rest_route=\/wp\/v2\/posts"}],"about":[{"href":"https:\/\/blogdoere.com.br\/index.php?rest_route=\/wp\/v2\/types\/post"}],"author":[{"embeddable":true,"href":"https:\/\/blogdoere.com.br\/index.php?rest_route=\/wp\/v2\/users\/1"}],"replies":[{"embeddable":true,"href":"https:\/\/blogdoere.com.br\/index.php?rest_route=%2Fwp%2Fv2%2Fcomments&post=29261"}],"version-history":[{"count":2,"href":"https:\/\/blogdoere.com.br\/index.php?rest_route=\/wp\/v2\/posts\/29261\/revisions"}],"predecessor-version":[{"id":29264,"href":"https:\/\/blogdoere.com.br\/index.php?rest_route=\/wp\/v2\/posts\/29261\/revisions\/29264"}],"wp:featuredmedia":[{"embeddable":true,"href":"https:\/\/blogdoere.com.br\/index.php?rest_route=\/wp\/v2\/media\/29259"}],"wp:attachment":[{"href":"https:\/\/blogdoere.com.br\/index.php?rest_route=%2Fwp%2Fv2%2Fmedia&parent=29261"}],"wp:term":[{"taxonomy":"category","embeddable":true,"href":"https:\/\/blogdoere.com.br\/index.php?rest_route=%2Fwp%2Fv2%2Fcategories&post=29261"},{"taxonomy":"post_tag","embeddable":true,"href":"https:\/\/blogdoere.com.br\/index.php?rest_route=%2Fwp%2Fv2%2Ftags&post=29261"}],"curies":[{"name":"wp","href":"https:\/\/api.w.org\/{rel}","templated":true}]}}