{"id":29648,"date":"2026-09-05T12:27:24","date_gmt":"2026-09-05T12:27:24","guid":{"rendered":"https:\/\/blogdoere.com.br\/?p=29648"},"modified":"2026-09-05T12:28:10","modified_gmt":"2026-09-05T12:28:10","slug":"itabuna-bebeto-inaugura-comite-e-participa-de-caminhada-com-jeronimo-rui-e-wagner","status":"publish","type":"post","link":"https:\/\/blogdoere.com.br\/?p=29648","title":{"rendered":"Itabuna: Bebeto inaugura comit\u00ea  e participa de caminhada com Jer\u00f4nimo, Rui e Wagner"},"content":{"rendered":"\n<figure class=\"wp-block-image size-large\"><img decoding=\"async\" width=\"1024\" height=\"682\" src=\"https:\/\/blogdoere.com.br\/wp-content\/uploads\/2026\/09\/1000269746-1024x682.jpg\" alt=\"\" class=\"wp-image-29649\" srcset=\"https:\/\/blogdoere.com.br\/wp-content\/uploads\/2026\/09\/1000269746-1024x682.jpg 1024w, https:\/\/blogdoere.com.br\/wp-content\/uploads\/2026\/09\/1000269746-300x200.jpg 300w, https:\/\/blogdoere.com.br\/wp-content\/uploads\/2026\/09\/1000269746-767x511.jpg 767w, https:\/\/blogdoere.com.br\/wp-content\/uploads\/2026\/09\/1000269746-1536x1024.jpg 1536w, https:\/\/blogdoere.com.br\/wp-content\/uploads\/2026\/09\/1000269746-2048x1365.jpg 2048w\" sizes=\"(max-width: 1024px) 100vw, 1024px\" \/><\/figure>\n\n\n\n<p class=\"wp-block-paragraph\">O candidato a deputado federal Bebeto participou, nesta sexta-feira (4), de uma caminhada ao lado do governador e candidato \u00e0 reelei\u00e7\u00e3o, Jer\u00f4nimo Rodrigues, dos candidatos ao Senado Rui Costa e Jaques Wagner, e do candidato a deputado estadual Gazo. A comitiva percorreu os munic\u00edpios de Uru\u00e7uca e Itabuna, evidenciando a for\u00e7a do projeto pol\u00edtico liderado pelo presidente Lula.<\/p>\n\n\n\n<p class=\"wp-block-paragraph\">Em Uru\u00e7uca, a mobiliza\u00e7\u00e3o contou com forte presen\u00e7a da base aliada local. A prefeita Magn\u00f3lia Barreto, o vice-prefeito Alessandro Lebr\u00e3o, vereadores e lideran\u00e7as pol\u00edticas acompanharam o ato, refor\u00e7ando a unidade do grupo no munic\u00edpio. Para Bebeto, a participa\u00e7\u00e3o popular demonstra a confian\u00e7a no projeto que vem sendo constru\u00eddo.\u201cN\u00e3o \u00e9 um ato pol\u00edtico que leva as pessoas a sa\u00edrem de suas casas. \u00c9 a esperan\u00e7a, \u00e9 a confian\u00e7a, \u00e9 o reconhecimento de um trabalho feito com seriedade. Isso \u00e9 a for\u00e7a do povo. \u00c9 o povo dizendo que n\u00e3o aceita retrocesso. Itabuna e o Sul da Bahia querem seguir avan\u00e7ando\u201d, ressaltou. Al\u00e9m de participar da caminhada da chapa majorit\u00e1ria, Bebeto inaugurou oficialmente seu comit\u00ea de campanha em Itabuna. <\/p>\n\n\n\n<figure class=\"wp-block-image size-large\"><img decoding=\"async\" width=\"1024\" height=\"682\" src=\"https:\/\/blogdoere.com.br\/wp-content\/uploads\/2026\/09\/1000269749-1024x682.jpg\" alt=\"\" class=\"wp-image-29651\" srcset=\"https:\/\/blogdoere.com.br\/wp-content\/uploads\/2026\/09\/1000269749-1024x682.jpg 1024w, https:\/\/blogdoere.com.br\/wp-content\/uploads\/2026\/09\/1000269749-300x200.jpg 300w, https:\/\/blogdoere.com.br\/wp-content\/uploads\/2026\/09\/1000269749-768x511.jpg 768w, https:\/\/blogdoere.com.br\/wp-content\/uploads\/2026\/09\/1000269749.jpg 1280w\" sizes=\"(max-width: 1024px) 100vw, 1024px\" \/><\/figure>\n\n\n\n<p class=\"wp-block-paragraph\">O espa\u00e7o ser\u00e1 um ponto de encontro para apoiadores e tamb\u00e9m um local para o di\u00e1logo com a popula\u00e7\u00e3o e a apresenta\u00e7\u00e3o de propostas voltadas ao desenvolvimento da regi\u00e3o. \u201cBebeto tem servi\u00e7o prestado e agora, mais do que nunca, precisamos dessa atua\u00e7\u00e3o no Congresso Nacional. Uma regi\u00e3o s\u00f3 tem for\u00e7a quando algu\u00e9m luta por ela\u201d, declarou Jo\u00e3o Aquino, um dos apoiadores presentes no evento. Durante seu mandato na C\u00e2mara dos Deputados, Bebeto destinou mais de R$ 1 milh\u00e3o em emendas para a sa\u00fade de Itabuna, com foco nos servi\u00e7os de m\u00e9dia e alta complexidade. O candidato tamb\u00e9m viabilizou recursos para a constru\u00e7\u00e3o da passarela Carlito do Sarinha, conhecida como Passarela da Ilha do Jegue, inaugurada em 2018, e para a Universidade Federal do Sul da Bahia (UFSB), em 2017.<\/p>\n","protected":false},"excerpt":{"rendered":"<p>O candidato a deputado federal Bebeto participou, nesta sexta-feira (4), de uma caminhada ao lado do governador e candidato \u00e0 reelei\u00e7\u00e3o, Jer\u00f4nimo Rodrigues, dos candidatos ao Senado Rui Costa e&#8230;<\/p>\n","protected":false},"author":1,"featured_media":29649,"comment_status":"open","ping_status":"open","sticky":false,"template":"","format":"standard","meta":{"_editorskit_title_hidden":false,"_editorskit_reading_time":0,"_editorskit_is_block_options_detached":false,"_editorskit_block_options_position":"{}","om_disable_all_campaigns":false,"_mi_skip_tracking":false,"_kad_post_transparent":"","_kad_post_title":"","_kad_post_layout":"","_kad_post_sidebar_id":"","_kad_post_content_style":"","_kad_post_vertical_padding":"","_kad_post_feature":"","_kad_post_feature_position":"","_kad_post_header":false,"_kad_post_footer":false,"footnotes":""},"categories":[55],"tags":[42],"class_list":["post-29648","post","type-post","status-publish","format-standard","has-post-thumbnail","hentry","category-itabuna","tag-bahia"],"yoast_head":"<!-- This site is optimized with the Yoast SEO plugin v20.5 - https:\/\/yoast.com\/wordpress\/plugins\/seo\/ -->\n<title>Itabuna: Bebeto inaugura comit\u00ea e participa de caminhada com Jer\u00f4nimo, Rui e Wagner - blog do er\u00ea<\/title>\n<meta name=\"robots\" content=\"index, follow, max-snippet:-1, max-image-preview:large, max-video-preview:-1\" \/>\n<link rel=\"canonical\" href=\"https:\/\/blogdoere.com.br\/?p=29648\" \/>\n<meta property=\"og:locale\" content=\"pt_PT\" \/>\n<meta property=\"og:type\" content=\"article\" \/>\n<meta property=\"og:title\" content=\"Itabuna: Bebeto inaugura comit\u00ea e participa de caminhada com Jer\u00f4nimo, Rui e Wagner - blog do er\u00ea\" \/>\n<meta property=\"og:description\" content=\"O candidato a deputado federal Bebeto participou, nesta sexta-feira (4), de uma caminhada ao lado do governador e candidato \u00e0 reelei\u00e7\u00e3o, Jer\u00f4nimo Rodrigues, dos candidatos ao Senado Rui Costa e...\" \/>\n<meta property=\"og:url\" content=\"https:\/\/blogdoere.com.br\/?p=29648\" \/>\n<meta property=\"og:site_name\" content=\"blog do er\u00ea\" \/>\n<meta property=\"article:published_time\" content=\"2026-09-05T12:27:24+00:00\" \/>\n<meta property=\"article:modified_time\" content=\"2026-09-05T12:28:10+00:00\" \/>\n<meta property=\"og:image\" content=\"https:\/\/blogdoere.com.br\/wp-content\/uploads\/2026\/09\/1000269746-scaled.jpg\" \/>\n\t<meta property=\"og:image:width\" content=\"2560\" \/>\n\t<meta property=\"og:image:height\" content=\"1706\" \/>\n\t<meta property=\"og:image:type\" content=\"image\/jpeg\" \/>\n<meta name=\"author\" content=\"blogdoere@hotmail.com\" \/>\n<meta name=\"twitter:card\" content=\"summary_large_image\" \/>\n<meta name=\"twitter:label1\" content=\"Escrito por\" \/>\n\t<meta name=\"twitter:data1\" content=\"blogdoere@hotmail.com\" \/>\n\t<meta name=\"twitter:label2\" content=\"Tempo estimado de leitura\" \/>\n\t<meta name=\"twitter:data2\" content=\"3 minutos\" \/>\n<script type=\"application\/ld+json\" class=\"yoast-schema-graph\">{\"@context\":\"https:\/\/schema.org\",\"@graph\":[{\"@type\":\"Article\",\"@id\":\"https:\/\/blogdoere.com.br\/?p=29648#article\",\"isPartOf\":{\"@id\":\"https:\/\/blogdoere.com.br\/?p=29648\"},\"author\":{\"name\":\"blogdoere@hotmail.com\",\"@id\":\"https:\/\/blogdoere.com.br\/#\/schema\/person\/c4f6d566a44c7bacdda563667715d18b\"},\"headline\":\"Itabuna: Bebeto inaugura comit\u00ea e participa de caminhada com Jer\u00f4nimo, Rui e Wagner\",\"datePublished\":\"2026-09-05T12:27:24+00:00\",\"dateModified\":\"2026-09-05T12:28:10+00:00\",\"mainEntityOfPage\":{\"@id\":\"https:\/\/blogdoere.com.br\/?p=29648\"},\"wordCount\":355,\"commentCount\":0,\"publisher\":{\"@id\":\"https:\/\/blogdoere.com.br\/#organization\"},\"keywords\":[\"Bahia\"],\"articleSection\":[\"Itabuna\"],\"inLanguage\":\"pt-PT\",\"potentialAction\":[{\"@type\":\"CommentAction\",\"name\":\"Comment\",\"target\":[\"https:\/\/blogdoere.com.br\/?p=29648#respond\"]}]},{\"@type\":\"WebPage\",\"@id\":\"https:\/\/blogdoere.com.br\/?p=29648\",\"url\":\"https:\/\/blogdoere.com.br\/?p=29648\",\"name\":\"Itabuna: Bebeto inaugura comit\u00ea e participa de caminhada com Jer\u00f4nimo, Rui e Wagner - blog do er\u00ea\",\"isPartOf\":{\"@id\":\"https:\/\/blogdoere.com.br\/#website\"},\"datePublished\":\"2026-09-05T12:27:24+00:00\",\"dateModified\":\"2026-09-05T12:28:10+00:00\",\"breadcrumb\":{\"@id\":\"https:\/\/blogdoere.com.br\/?p=29648#breadcrumb\"},\"inLanguage\":\"pt-PT\",\"potentialAction\":[{\"@type\":\"ReadAction\",\"target\":[\"https:\/\/blogdoere.com.br\/?p=29648\"]}]},{\"@type\":\"BreadcrumbList\",\"@id\":\"https:\/\/blogdoere.com.br\/?p=29648#breadcrumb\",\"itemListElement\":[{\"@type\":\"ListItem\",\"position\":1,\"name\":\"In\u00edcio\",\"item\":\"https:\/\/blogdoere.com.br\/\"},{\"@type\":\"ListItem\",\"position\":2,\"name\":\"Itabuna: Bebeto inaugura comit\u00ea e participa de caminhada com Jer\u00f4nimo, Rui e Wagner\"}]},{\"@type\":\"WebSite\",\"@id\":\"https:\/\/blogdoere.com.br\/#website\",\"url\":\"https:\/\/blogdoere.com.br\/\",\"name\":\"blog do er\u00ea\",\"description\":\"\",\"publisher\":{\"@id\":\"https:\/\/blogdoere.com.br\/#organization\"},\"potentialAction\":[{\"@type\":\"SearchAction\",\"target\":{\"@type\":\"EntryPoint\",\"urlTemplate\":\"https:\/\/blogdoere.com.br\/?s={search_term_string}\"},\"query-input\":\"required name=search_term_string\"}],\"inLanguage\":\"pt-PT\"},{\"@type\":\"Organization\",\"@id\":\"https:\/\/blogdoere.com.br\/#organization\",\"name\":\"Blog do Er\u00ea\",\"url\":\"https:\/\/blogdoere.com.br\/\",\"logo\":{\"@type\":\"ImageObject\",\"inLanguage\":\"pt-PT\",\"@id\":\"https:\/\/blogdoere.com.br\/#\/schema\/logo\/image\/\",\"url\":\"https:\/\/blogdoere.com.br\/wp-content\/uploads\/2021\/11\/Logo-Ere-1.png\",\"contentUrl\":\"https:\/\/blogdoere.com.br\/wp-content\/uploads\/2021\/11\/Logo-Ere-1.png\",\"width\":1261,\"height\":1330,\"caption\":\"Blog do Er\u00ea\"},\"image\":{\"@id\":\"https:\/\/blogdoere.com.br\/#\/schema\/logo\/image\/\"}},{\"@type\":\"Person\",\"@id\":\"https:\/\/blogdoere.com.br\/#\/schema\/person\/c4f6d566a44c7bacdda563667715d18b\",\"name\":\"blogdoere@hotmail.com\",\"image\":{\"@type\":\"ImageObject\",\"inLanguage\":\"pt-PT\",\"@id\":\"https:\/\/blogdoere.com.br\/#\/schema\/person\/image\/\",\"url\":\"https:\/\/secure.gravatar.com\/avatar\/5684bd39df1289cb639b4ab539d6fcad69420e4a29521548fc078c58ed122fe6?s=96&d=mm&r=g\",\"contentUrl\":\"https:\/\/secure.gravatar.com\/avatar\/5684bd39df1289cb639b4ab539d6fcad69420e4a29521548fc078c58ed122fe6?s=96&d=mm&r=g\",\"caption\":\"blogdoere@hotmail.com\"},\"sameAs\":[\"http:\/\/blogdoere.com.br\"]}]}<\/script>\n<!-- \/ Yoast SEO plugin. -->","yoast_head_json":{"title":"Itabuna: Bebeto inaugura comit\u00ea e participa de caminhada com Jer\u00f4nimo, Rui e Wagner - blog do er\u00ea","robots":{"index":"index","follow":"follow","max-snippet":"max-snippet:-1","max-image-preview":"max-image-preview:large","max-video-preview":"max-video-preview:-1"},"canonical":"https:\/\/blogdoere.com.br\/?p=29648","og_locale":"pt_PT","og_type":"article","og_title":"Itabuna: Bebeto inaugura comit\u00ea e participa de caminhada com Jer\u00f4nimo, Rui e Wagner - blog do er\u00ea","og_description":"O candidato a deputado federal Bebeto participou, nesta sexta-feira (4), de uma caminhada ao lado do governador e candidato \u00e0 reelei\u00e7\u00e3o, Jer\u00f4nimo Rodrigues, dos candidatos ao Senado Rui Costa e...","og_url":"https:\/\/blogdoere.com.br\/?p=29648","og_site_name":"blog do er\u00ea","article_published_time":"2026-09-05T12:27:24+00:00","article_modified_time":"2026-09-05T12:28:10+00:00","og_image":[{"width":2560,"height":1706,"url":"https:\/\/blogdoere.com.br\/wp-content\/uploads\/2026\/09\/1000269746-scaled.jpg","type":"image\/jpeg"}],"author":"blogdoere@hotmail.com","twitter_card":"summary_large_image","twitter_misc":{"Escrito por":"blogdoere@hotmail.com","Tempo estimado de leitura":"3 minutos"},"schema":{"@context":"https:\/\/schema.org","@graph":[{"@type":"Article","@id":"https:\/\/blogdoere.com.br\/?p=29648#article","isPartOf":{"@id":"https:\/\/blogdoere.com.br\/?p=29648"},"author":{"name":"blogdoere@hotmail.com","@id":"https:\/\/blogdoere.com.br\/#\/schema\/person\/c4f6d566a44c7bacdda563667715d18b"},"headline":"Itabuna: Bebeto inaugura comit\u00ea e participa de caminhada com Jer\u00f4nimo, Rui e Wagner","datePublished":"2026-09-05T12:27:24+00:00","dateModified":"2026-09-05T12:28:10+00:00","mainEntityOfPage":{"@id":"https:\/\/blogdoere.com.br\/?p=29648"},"wordCount":355,"commentCount":0,"publisher":{"@id":"https:\/\/blogdoere.com.br\/#organization"},"keywords":["Bahia"],"articleSection":["Itabuna"],"inLanguage":"pt-PT","potentialAction":[{"@type":"CommentAction","name":"Comment","target":["https:\/\/blogdoere.com.br\/?p=29648#respond"]}]},{"@type":"WebPage","@id":"https:\/\/blogdoere.com.br\/?p=29648","url":"https:\/\/blogdoere.com.br\/?p=29648","name":"Itabuna: Bebeto inaugura comit\u00ea e participa de caminhada com Jer\u00f4nimo, Rui e Wagner - blog do er\u00ea","isPartOf":{"@id":"https:\/\/blogdoere.com.br\/#website"},"datePublished":"2026-09-05T12:27:24+00:00","dateModified":"2026-09-05T12:28:10+00:00","breadcrumb":{"@id":"https:\/\/blogdoere.com.br\/?p=29648#breadcrumb"},"inLanguage":"pt-PT","potentialAction":[{"@type":"ReadAction","target":["https:\/\/blogdoere.com.br\/?p=29648"]}]},{"@type":"BreadcrumbList","@id":"https:\/\/blogdoere.com.br\/?p=29648#breadcrumb","itemListElement":[{"@type":"ListItem","position":1,"name":"In\u00edcio","item":"https:\/\/blogdoere.com.br\/"},{"@type":"ListItem","position":2,"name":"Itabuna: Bebeto inaugura comit\u00ea e participa de caminhada com Jer\u00f4nimo, Rui e Wagner"}]},{"@type":"WebSite","@id":"https:\/\/blogdoere.com.br\/#website","url":"https:\/\/blogdoere.com.br\/","name":"blog do er\u00ea","description":"","publisher":{"@id":"https:\/\/blogdoere.com.br\/#organization"},"potentialAction":[{"@type":"SearchAction","target":{"@type":"EntryPoint","urlTemplate":"https:\/\/blogdoere.com.br\/?s={search_term_string}"},"query-input":"required name=search_term_string"}],"inLanguage":"pt-PT"},{"@type":"Organization","@id":"https:\/\/blogdoere.com.br\/#organization","name":"Blog do Er\u00ea","url":"https:\/\/blogdoere.com.br\/","logo":{"@type":"ImageObject","inLanguage":"pt-PT","@id":"https:\/\/blogdoere.com.br\/#\/schema\/logo\/image\/","url":"https:\/\/blogdoere.com.br\/wp-content\/uploads\/2021\/11\/Logo-Ere-1.png","contentUrl":"https:\/\/blogdoere.com.br\/wp-content\/uploads\/2021\/11\/Logo-Ere-1.png","width":1261,"height":1330,"caption":"Blog do Er\u00ea"},"image":{"@id":"https:\/\/blogdoere.com.br\/#\/schema\/logo\/image\/"}},{"@type":"Person","@id":"https:\/\/blogdoere.com.br\/#\/schema\/person\/c4f6d566a44c7bacdda563667715d18b","name":"blogdoere@hotmail.com","image":{"@type":"ImageObject","inLanguage":"pt-PT","@id":"https:\/\/blogdoere.com.br\/#\/schema\/person\/image\/","url":"https:\/\/secure.gravatar.com\/avatar\/5684bd39df1289cb639b4ab539d6fcad69420e4a29521548fc078c58ed122fe6?s=96&d=mm&r=g","contentUrl":"https:\/\/secure.gravatar.com\/avatar\/5684bd39df1289cb639b4ab539d6fcad69420e4a29521548fc078c58ed122fe6?s=96&d=mm&r=g","caption":"blogdoere@hotmail.com"},"sameAs":["http:\/\/blogdoere.com.br"]}]}},"featured_image_urls":{"full":["https:\/\/blogdoere.com.br\/wp-content\/uploads\/2026\/09\/1000269746-scaled.jpg",2560,1706,false],"thumbnail":["https:\/\/blogdoere.com.br\/wp-content\/uploads\/2026\/09\/1000269746-150x150.jpg",150,150,true],"medium":["https:\/\/blogdoere.com.br\/wp-content\/uploads\/2026\/09\/1000269746-300x200.jpg",300,200,true],"medium_large":["https:\/\/blogdoere.com.br\/wp-content\/uploads\/2026\/09\/1000269746-767x511.jpg",767,511,true],"large":["https:\/\/blogdoere.com.br\/wp-content\/uploads\/2026\/09\/1000269746-1024x682.jpg",1024,682,true],"1536x1536":["https:\/\/blogdoere.com.br\/wp-content\/uploads\/2026\/09\/1000269746-1536x1024.jpg",1536,1024,true],"2048x2048":["https:\/\/blogdoere.com.br\/wp-content\/uploads\/2026\/09\/1000269746-2048x1365.jpg",2048,1365,true]},"author_info":{"display_name":"blogdoere@hotmail.com","author_link":"https:\/\/blogdoere.com.br\/?author=1"},"category_info":"<a href=\"https:\/\/blogdoere.com.br\/?cat=55\" rel=\"category\">Itabuna<\/a>","tag_info":"Itabuna","comment_count":"0","_links":{"self":[{"href":"https:\/\/blogdoere.com.br\/index.php?rest_route=\/wp\/v2\/posts\/29648","targetHints":{"allow":["GET"]}}],"collection":[{"href":"https:\/\/blogdoere.com.br\/index.php?rest_route=\/wp\/v2\/posts"}],"about":[{"href":"https:\/\/blogdoere.com.br\/index.php?rest_route=\/wp\/v2\/types\/post"}],"author":[{"embeddable":true,"href":"https:\/\/blogdoere.com.br\/index.php?rest_route=\/wp\/v2\/users\/1"}],"replies":[{"embeddable":true,"href":"https:\/\/blogdoere.com.br\/index.php?rest_route=%2Fwp%2Fv2%2Fcomments&post=29648"}],"version-history":[{"count":2,"href":"https:\/\/blogdoere.com.br\/index.php?rest_route=\/wp\/v2\/posts\/29648\/revisions"}],"predecessor-version":[{"id":29652,"href":"https:\/\/blogdoere.com.br\/index.php?rest_route=\/wp\/v2\/posts\/29648\/revisions\/29652"}],"wp:featuredmedia":[{"embeddable":true,"href":"https:\/\/blogdoere.com.br\/index.php?rest_route=\/wp\/v2\/media\/29649"}],"wp:attachment":[{"href":"https:\/\/blogdoere.com.br\/index.php?rest_route=%2Fwp%2Fv2%2Fmedia&parent=29648"}],"wp:term":[{"taxonomy":"category","embeddable":true,"href":"https:\/\/blogdoere.com.br\/index.php?rest_route=%2Fwp%2Fv2%2Fcategories&post=29648"},{"taxonomy":"post_tag","embeddable":true,"href":"https:\/\/blogdoere.com.br\/index.php?rest_route=%2Fwp%2Fv2%2Ftags&post=29648"}],"curies":[{"name":"wp","href":"https:\/\/api.w.org\/{rel}","templated":true}]}}